{"id":104559,"date":"2013-06-19T17:20:41","date_gmt":"2013-06-19T16:20:41","guid":{"rendered":"http:\/\/www.cronacaonline.it\/public\/content\/index.php\/19\/06\/2013\/piano-estivo-coste-sicure-2013---giovedi-20-giugno---ore-1030-sala-convegni-sede-asl-cagliari--via-piero-della-francesca-1-selargius-ca"},"modified":"2013-06-19T17:20:41","modified_gmt":"2013-06-19T16:20:41","slug":"piano-estivo-coste-sicure-2013-giovedi-20-giugno-ore-1030-sala-convegni-sede-asl-cagliari-via-piero-della-francesca-1-selargius-ca","status":"publish","type":"post","link":"https:\/\/www.cronacaonline.it\/index.php\/2013\/06\/19\/piano-estivo-coste-sicure-2013-giovedi-20-giugno-ore-1030-sala-convegni-sede-asl-cagliari-via-piero-della-francesca-1-selargius-ca\/","title":{"rendered":"Piano estivo Coste sicure 2013 &#8211; Gioved\u00ec 20 giugno &#8211; ore 10.30, sala convegni sede Asl Cagliari \u2013 via Piero della Francesca, 1 Selargius (CA)"},"content":{"rendered":"<p>Sar\u00e0 presentato gioved\u00ec 20 giugno, alle ore 10.30 nella sala convegni della sede della ASL di Cagliari, via Piero della Francesca 1 a Selargius (CA) il progetto Coste Sicure 2013 per garantire vacanze in sicurezza per residenti e turisti che decideranno di trascorrere le ferie nel sud della Sardegna.<\/p>\n<p>Il progetto prevede il potenziamento del servizio 118, sulle 12h e sulle 24h, e l\u2019attivazione di tutti i servizi sanitari costieri nell\u2019arco dei mesi estivi<\/p>\n<p>Dal 1\u00b0 luglio infatti saranno attivi i Servizi di guardia medica turistica per garantire l\u2019assistenza sanitaria nelle diverse localit\u00e0 balneari e i Centri dialisi vacanze per le persone che soffrono di patologie nefrologiche e necessitano di dialisi. Inoltre per assicurare un pronto intervento lungo tutta lo costa sud dell\u2019Isola, l\u2019azienda ha potenziato il Servizio 118, incrementando di 6 unit\u00e0 (alcune operative sulle 12&nbsp; ore e altre sulle 24 ore a Domus De Maria, Capoterra, Geremeas, Villasimius e Castiadas) le 17 postazioni annuali (di cui 3 medicalizzate) gi\u00e0 operative nelle principali localit\u00e0 turistiche (Teulada, Pula, Sarroch, Quartu Sant\u2019 Elena, Muravera e Villaputzu).<\/p>\n<p>Durante la conferenza stampa sar\u00e0 presentata anche la campagna di comunicazione relativa al progetto che sar\u00e0 distribuita nei prossimi giorni nelle principali localit\u00e0 balneari per orientare turisti e residenti nell\u2019offerta dei servizi sanitari estivi della ASl di Cagliari. <\/p>\n","protected":false},"excerpt":{"rendered":"<p>Sar\u00e0 presentato gioved\u00ec 20 giugno, alle ore 10.30 nella sala convegni della sede della ASL di Cagliari, via Piero della Francesca 1 a Selargius (CA)&#8230;<\/p>\n","protected":false},"author":2,"featured_media":0,"comment_status":"closed","ping_status":"closed","sticky":false,"template":"","format":"standard","meta":[],"categories":[49],"tags":[],"_links":{"self":[{"href":"https:\/\/www.cronacaonline.it\/index.php\/wp-json\/wp\/v2\/posts\/104559"}],"collection":[{"href":"https:\/\/www.cronacaonline.it\/index.php\/wp-json\/wp\/v2\/posts"}],"about":[{"href":"https:\/\/www.cronacaonline.it\/index.php\/wp-json\/wp\/v2\/types\/post"}],"author":[{"embeddable":true,"href":"https:\/\/www.cronacaonline.it\/index.php\/wp-json\/wp\/v2\/users\/2"}],"replies":[{"embeddable":true,"href":"https:\/\/www.cronacaonline.it\/index.php\/wp-json\/wp\/v2\/comments?post=104559"}],"version-history":[{"count":0,"href":"https:\/\/www.cronacaonline.it\/index.php\/wp-json\/wp\/v2\/posts\/104559\/revisions"}],"wp:attachment":[{"href":"https:\/\/www.cronacaonline.it\/index.php\/wp-json\/wp\/v2\/media?parent=104559"}],"wp:term":[{"taxonomy":"category","embeddable":true,"href":"https:\/\/www.cronacaonline.it\/index.php\/wp-json\/wp\/v2\/categories?post=104559"},{"taxonomy":"post_tag","embeddable":true,"href":"https:\/\/www.cronacaonline.it\/index.php\/wp-json\/wp\/v2\/tags?post=104559"}],"curies":[{"name":"wp","href":"https:\/\/api.w.org\/{rel}","templated":true}]}}