{"id":103739,"date":"2013-04-18T17:20:40","date_gmt":"2013-04-18T16:20:40","guid":{"rendered":"http:\/\/www.cronacaonline.it\/public\/content\/index.php\/18\/04\/2013\/trasporto-ferroviario-lunedi-commissione-consiliare-aperta-servono-nuovi-mezzi"},"modified":"2013-04-18T17:20:40","modified_gmt":"2013-04-18T16:20:40","slug":"trasporto-ferroviario-lunedi-commissione-consiliare-aperta-servono-nuovi-mezzi","status":"publish","type":"post","link":"https:\/\/www.cronacaonline.it\/index.php\/2013\/04\/18\/trasporto-ferroviario-lunedi-commissione-consiliare-aperta-servono-nuovi-mezzi\/","title":{"rendered":"Trasporto ferroviario, luned\u00ec commissione consiliare aperta: \u201dservono nuovi mezzi\u201d"},"content":{"rendered":"<p>\u00abLa Regione destini una parte dei finanziamenti comunitari per potenziare il sistema di trasporto ferroviario del Nord Ovest Sardegna\u00bb. \u00c8 la proposta che la Provincia di Sassari sottoporr\u00e0 agli amministratori e ai consiglieri regionali del territorio. Luned\u00ec 22 aprile alle 10, nella sala convegni dell\u2019ex convento carmelitano di viale Umberto, a Sassari, si terr\u00e0 la riunione della commissione del consiglio provinciale competente in materia di trasporti.<\/p>\n<p>Il presidente della commissione, Mario Campus, d\u2019intesa con il presidente della Provincia di Sassari, Alessandra Giudici, ha esteso l\u2019invito a partecipare alla seduta ai sindaci dei Comuni interessati dal trasporto su ferro: Sassari, Alghero, Porto Torres, Ozieri, Nulvi, Sorso e Olmedo. <\/p>\n<p>\u00c8 previsto anche l\u2019intervento dell\u2019assessore provinciale dei Trasporti, Antonio Nieddu, e dei consiglieri regionali eletti nel Nord Ovest Sardegna.<br \/>\u00abL\u2019idea \u00e8 quella di costituire una delegazione congiunta che vada dal presidente della Regione, Ugo Cappellacci, per dimostrargli numeri alla mano che il parco mezzi \u00e8 insufficiente, sia in termini quantitativi che qualitativi, rispetto alle esigenze del territorio e alle potenzialit\u00e0 del treno anche rispetto allo sviluppo turistico di quest\u2019area dell\u2019isola\u00bb, dice Mario Campus per spiegare le intenzioni che ispirano l\u2019iniziativa di luned\u00ec prossimo. \u00abI mezzi risalgono al 1956, \u00e8 normale che risultino vetusti\u00bb, aggiunge Alessandra Giudici, secondo la quale, \u00abservono subito 5milioni di euro per l\u2019acquisto di 4 litorine che sarebbero gi\u00e0 disponibili\u00bb.<\/p>\n","protected":false},"excerpt":{"rendered":"<p>\u00abLa Regione destini una parte dei finanziamenti comunitari per potenziare il sistema di trasporto ferroviario del Nord Ovest Sardegna\u00bb. \u00c8 la proposta che la Provincia&#8230;<\/p>\n","protected":false},"author":2,"featured_media":0,"comment_status":"closed","ping_status":"closed","sticky":false,"template":"","format":"standard","meta":[],"categories":[49],"tags":[],"_links":{"self":[{"href":"https:\/\/www.cronacaonline.it\/index.php\/wp-json\/wp\/v2\/posts\/103739"}],"collection":[{"href":"https:\/\/www.cronacaonline.it\/index.php\/wp-json\/wp\/v2\/posts"}],"about":[{"href":"https:\/\/www.cronacaonline.it\/index.php\/wp-json\/wp\/v2\/types\/post"}],"author":[{"embeddable":true,"href":"https:\/\/www.cronacaonline.it\/index.php\/wp-json\/wp\/v2\/users\/2"}],"replies":[{"embeddable":true,"href":"https:\/\/www.cronacaonline.it\/index.php\/wp-json\/wp\/v2\/comments?post=103739"}],"version-history":[{"count":0,"href":"https:\/\/www.cronacaonline.it\/index.php\/wp-json\/wp\/v2\/posts\/103739\/revisions"}],"wp:attachment":[{"href":"https:\/\/www.cronacaonline.it\/index.php\/wp-json\/wp\/v2\/media?parent=103739"}],"wp:term":[{"taxonomy":"category","embeddable":true,"href":"https:\/\/www.cronacaonline.it\/index.php\/wp-json\/wp\/v2\/categories?post=103739"},{"taxonomy":"post_tag","embeddable":true,"href":"https:\/\/www.cronacaonline.it\/index.php\/wp-json\/wp\/v2\/tags?post=103739"}],"curies":[{"name":"wp","href":"https:\/\/api.w.org\/{rel}","templated":true}]}}