{"id":103329,"date":"2013-04-22T17:20:40","date_gmt":"2013-04-22T16:20:40","guid":{"rendered":"http:\/\/www.cronacaonline.it\/public\/content\/index.php\/22\/04\/2013\/messa-in-sicurezza-della-130-strade-complanari-fasce-fluviali-riunione-pubblica-ad-assemini-con-lassessore-ai-lavori-pubblici-angela-nonnis-martedi-23-aprile-alle-19-nella-sede-dei-riformator"},"modified":"2013-04-22T17:20:40","modified_gmt":"2013-04-22T16:20:40","slug":"messa-in-sicurezza-della-130-strade-complanari-fasce-fluviali-riunione-pubblica-ad-assemini-con-lassessore-ai-lavori-pubblici-angela-nonnis-martedi-23-aprile-alle-19-nella-sede-dei-riformatori-sardi","status":"publish","type":"post","link":"https:\/\/www.cronacaonline.it\/index.php\/2013\/04\/22\/messa-in-sicurezza-della-130-strade-complanari-fasce-fluviali-riunione-pubblica-ad-assemini-con-lassessore-ai-lavori-pubblici-angela-nonnis-martedi-23-aprile-alle-19-nella-sede-dei-riformatori-sardi\/","title":{"rendered":"Messa in sicurezza della 130, strade complanari, fasce fluviali Riunione pubblica ad Assemini con l&#8217;assessore ai Lavori Pubblici, Angela Nonnis marted\u00ec 23 aprile alle 19 nella sede dei Riformatori sardi"},"content":{"rendered":"<p>Messa in sicurezza della 130, strade complanari, fasce fluviali: sono questi i temi che verranno affrontati nella riunione pubblica, promossa dai Riformatori sardi, con l'assessore regionale si Lavori Pubblici, Angela Nonnis, che si terr\u00e0 marted\u00ec 23 aprile alle 19 nella sede del partito in via Carmine 59. Presieder\u00e0 i lavori il coordinatore regionale dei Riformatori sardi, Michele Cossa.<\/p>\n<p>Dunque al centro della riunione ci sar\u00e0 la viabilit\u00e0. Problema principale: la Statale 130 con la messa in sicurezza (intanto \u00e8 stato completato il guardrail centrale fino a Elmas), realizzazione delle strade complanari per permettere alle attivit\u00e0 economiche che si affacciano sulla strada di continuare ad operare senza problemi. Nei giorni scorsi c'\u00e8 stato un incontro tra il commissario straordinario Gerolamo Solina e Angela Nonnis.<\/p>\n<p>Verranno inoltre affrontati i temi relativi alle fasce fluviali e alla sicurezza del territorio rispetto alle inondazioni, per evitare che possano ripetersi i tragici eventi che hanno colpito Assemini nell'alluvione del 1999. Com<\/p>\n","protected":false},"excerpt":{"rendered":"<p>Messa in sicurezza della 130, strade complanari, fasce fluviali: sono questi i temi che verranno affrontati nella riunione pubblica, promossa dai Riformatori sardi, con l&#8217;assessore&#8230;<\/p>\n","protected":false},"author":2,"featured_media":0,"comment_status":"closed","ping_status":"closed","sticky":false,"template":"","format":"standard","meta":[],"categories":[49],"tags":[],"_links":{"self":[{"href":"https:\/\/www.cronacaonline.it\/index.php\/wp-json\/wp\/v2\/posts\/103329"}],"collection":[{"href":"https:\/\/www.cronacaonline.it\/index.php\/wp-json\/wp\/v2\/posts"}],"about":[{"href":"https:\/\/www.cronacaonline.it\/index.php\/wp-json\/wp\/v2\/types\/post"}],"author":[{"embeddable":true,"href":"https:\/\/www.cronacaonline.it\/index.php\/wp-json\/wp\/v2\/users\/2"}],"replies":[{"embeddable":true,"href":"https:\/\/www.cronacaonline.it\/index.php\/wp-json\/wp\/v2\/comments?post=103329"}],"version-history":[{"count":0,"href":"https:\/\/www.cronacaonline.it\/index.php\/wp-json\/wp\/v2\/posts\/103329\/revisions"}],"wp:attachment":[{"href":"https:\/\/www.cronacaonline.it\/index.php\/wp-json\/wp\/v2\/media?parent=103329"}],"wp:term":[{"taxonomy":"category","embeddable":true,"href":"https:\/\/www.cronacaonline.it\/index.php\/wp-json\/wp\/v2\/categories?post=103329"},{"taxonomy":"post_tag","embeddable":true,"href":"https:\/\/www.cronacaonline.it\/index.php\/wp-json\/wp\/v2\/tags?post=103329"}],"curies":[{"name":"wp","href":"https:\/\/api.w.org\/{rel}","templated":true}]}}