{"id":103150,"date":"2013-03-20T17:20:40","date_gmt":"2013-03-20T16:20:40","guid":{"rendered":"http:\/\/www.cronacaonline.it\/public\/content\/index.php\/20\/03\/2013\/premio-giuseppe-dessi-online-il-bando-per-la-ventottesima-edizione-del-concorso-letterario-in-programma-a-settembre-a-villacidro-medio-campidano"},"modified":"2013-03-20T17:20:40","modified_gmt":"2013-03-20T16:20:40","slug":"premio-giuseppe-dessi-online-il-bando-per-la-ventottesima-edizione-del-concorso-letterario-in-programma-a-settembre-a-villacidro-medio-campidano","status":"publish","type":"post","link":"https:\/\/www.cronacaonline.it\/index.php\/2013\/03\/20\/premio-giuseppe-dessi-online-il-bando-per-la-ventottesima-edizione-del-concorso-letterario-in-programma-a-settembre-a-villacidro-medio-campidano\/","title":{"rendered":"Premio &#8220;Giuseppe Dess\u00ec&#8221;: online il bando per la ventottesima edizione del concorso letterario in programma a settembre a Villacidro (Medio Campidano)."},"content":{"rendered":"<p>Comincia il lungo cammino del Premio \"Giuseppe Dess\u00ec\": \u00e8 infatti online il bando di partecipazione all'annuale concorso letterario intitolato allo scrittore sardo (nato a Cagliari il 7 agosto del 1909 e scomparso a Roma nel 1977), che il prossimo settembre taglia il traguardo della sua ventottesima edizione. L'appuntamento, come sempre, sar\u00e0 aVillacidro, la cittadina del Medio Campidano dove l'autore del romanzo \"Paese d'ombre\" (Premio Strega nel 1972) visse da giovanissimo e dove oggi ha sede la Fondazione a suo nome, attiva nello studio e nella divulgazione dell'opera di Dess\u00ec, oltre che nell'organizzazione del Premio. E sar\u00e0, ancora una volta, una settimana densa di eventi e iniziative - incontri letterari, spettacoli, mostre \u2013 quella che culminer\u00e0 con la proclamazione e la premiazione dei vincitori.<\/p>\n<p>Formula e regolamento del concorso sono quelli soliti: il premio si articola in due sezioni, Narrativa e Poesia, e viene assegnato a opere in lingua italiana, pubblicate dopo il 31 gennaio 2012, che si distinguano per la qualit\u00e0 letteraria, anche al di l\u00e0 del successo commerciale e pubblicitario. Per partecipare alla selezione, gli autori o le loro case editrici dovranno spedire undici copie delle loro pubblicazioni alla segreteria del concorso (Fondazione Giuseppe Dess\u00ec, via Roma, 65 \u2013 09039 Villacidro)entro il prossimo 20 giugno.<\/p>\n<p>Spetter\u00e0 alla giuria presieduta da Anna Dolfi (eminente italianista dell'Universit\u00e0 di Firenze e tra le massime studiose dell'opera di Dess\u00ec) e composta da Mario Baudino, Massimo Onofri, Stefano Salis, Giancarlo Pontiggia, Duilio Caocci, Evanghelia Stead, Giuseppe Langella e dal presidente della Fondazione Dess\u00ec, Giuseppe Marras, il compito di selezionare tra tutte le opere pervenute (nella scorsa edizione sono state ben 428) i finalisti - tre per la Poesia e altrettanti per la Narrativa - che a settembre, a Villacidro, si contenderanno i posti pi\u00f9 alti sul podio del ventottesimo Premio Dess\u00ec.<\/p>\n<p>Ai vincitori delle due sezioni letterarie, insieme all'alloro che nelle passate edizioni ha incoronato scrittori come Sandro Petroni, Nico Orengo, Laura Pariani, Salvatore Mannuzzu, Marcello Fois, Michela Murgia, Niccol\u00f2 Ammaniti, Salvatore Silvano Nigro, e poeti del calibro di Elio Pecora, Maria Luisa Spaziani, Giancarlo Pontiggia, Alda Merini, Eugenio De Signoribus e Gilberto Isella, andr\u00e0 un premio di cinquemila euro.<\/p>\n<p>Oltre alle due categorie strettamente letterarie, c'\u00e8 il Premio speciale della giuria, anche questo di cinquemila euro, che ogni anno viene conferito a un personaggio di spicco della scena pubblica e culturale nazionale: il suo albo d'oro annovera dunque giornalisti, attori, intellettuali, politici, protagonisti di ambiti differenti come Luigi Pintor, Sergio Zavoli, Alberto Bevilacqua, Arnoldo Fo\u00e0, Francesco Cossiga, Marco Pannella, Piero Angela, Ascanio Celestini e Giulio Rapetti Mogol.<\/p>\n<p>Il bando completo si pu\u00f2 scaricare dal sito <a href=\"http:\/\/www.fondazionedessi.it\">www.fondazionedessi.it<\/a>; per informazioni, la segreteria organizzativa risponde ai numeri 0709314387, 3474117655, 3406660530, eall'indirizzo di posta elettronica <a href=\"mailto:fondessi@tiscali.it\">fondessi@tiscali.it<\/a>.<\/p>\n<p>Il ventottesimo Premio Dess\u00ec \u00e8 organizzato dalla Fondazione \"Giuseppe Dess\u00ec\" e dal Comune di Villacidro col patrocinio del Consiglio Regionale della Sardegna, dell'Assessorato Regionale alla Pubblica Istruzione, del Ministero per i Beni e le Attivit\u00e0 Culturali, della Fondazione Banco di Sardegna, dell'Amministrazione Provinciale del Medio Campidano e del Consorzio Industriale Provinciale del Medio Campidano \u2013 Villacidro.<\/p>\n","protected":false},"excerpt":{"rendered":"<p>Comincia il lungo cammino del Premio &#8220;Giuseppe Dess\u00ec&#8221;: \u00e8 infatti online il bando di partecipazione all&#8217;annuale concorso letterario intitolato allo scrittore sardo (nato a Cagliari&#8230;<\/p>\n","protected":false},"author":2,"featured_media":0,"comment_status":"closed","ping_status":"closed","sticky":false,"template":"","format":"standard","meta":[],"categories":[49],"tags":[],"_links":{"self":[{"href":"https:\/\/www.cronacaonline.it\/index.php\/wp-json\/wp\/v2\/posts\/103150"}],"collection":[{"href":"https:\/\/www.cronacaonline.it\/index.php\/wp-json\/wp\/v2\/posts"}],"about":[{"href":"https:\/\/www.cronacaonline.it\/index.php\/wp-json\/wp\/v2\/types\/post"}],"author":[{"embeddable":true,"href":"https:\/\/www.cronacaonline.it\/index.php\/wp-json\/wp\/v2\/users\/2"}],"replies":[{"embeddable":true,"href":"https:\/\/www.cronacaonline.it\/index.php\/wp-json\/wp\/v2\/comments?post=103150"}],"version-history":[{"count":0,"href":"https:\/\/www.cronacaonline.it\/index.php\/wp-json\/wp\/v2\/posts\/103150\/revisions"}],"wp:attachment":[{"href":"https:\/\/www.cronacaonline.it\/index.php\/wp-json\/wp\/v2\/media?parent=103150"}],"wp:term":[{"taxonomy":"category","embeddable":true,"href":"https:\/\/www.cronacaonline.it\/index.php\/wp-json\/wp\/v2\/categories?post=103150"},{"taxonomy":"post_tag","embeddable":true,"href":"https:\/\/www.cronacaonline.it\/index.php\/wp-json\/wp\/v2\/tags?post=103150"}],"curies":[{"name":"wp","href":"https:\/\/api.w.org\/{rel}","templated":true}]}}