{"id":103146,"date":"2013-03-16T17:20:40","date_gmt":"2013-03-16T16:20:40","guid":{"rendered":"http:\/\/www.cronacaonline.it\/public\/content\/index.php\/16\/03\/2013\/martedi-prossimo-nella-biblioteca-di-pirri-il-libro-di-alberto-bebo-corpino-gladiatori-di-tutti-i-giorni"},"modified":"2013-03-16T17:20:40","modified_gmt":"2013-03-16T16:20:40","slug":"martedi-prossimo-nella-biblioteca-di-pirri-il-libro-di-alberto-bebo-corpino-gladiatori-di-tutti-i-giorni","status":"publish","type":"post","link":"https:\/\/www.cronacaonline.it\/index.php\/2013\/03\/16\/martedi-prossimo-nella-biblioteca-di-pirri-il-libro-di-alberto-bebo-corpino-gladiatori-di-tutti-i-giorni\/","title":{"rendered":"Marted\u00ec prossimo nella Biblioteca di Pirri, il libro di Alberto \u201cBebo\u201d Corpino, \u201cGladiatori di tutti i giorni\u201d"},"content":{"rendered":"<p>Sar\u00e0 presentato marted\u00ec 19 marzo a partire dalle 18 nei locali della Biblioteca di Pirri, il libro di Alberto \u201cBebo\u201d Corpino, \u201cGladiatori di tutti i giorni\u201d, romanzo autobiografico scritto dall'autore in seguito ad un incidente stradale.<\/p>\n<p>L'autore, che presenter\u00e0 il testo accompagnato da Claudia Daniele, ha deciso di donare a tutti il suo libro che non sar\u00e0 in vendita, ma si potr\u00e0 richiedere in formato pdf inviando una mail a: <a href=\"mailto:bebocorp1@libero.it\">bebocorp1@libero.it<\/a>.<\/p>\n<p>Per ulteriori informazioni sull'iniziativa \u00e8 possibile rivolgersi alla Biblioteca Comunale di Pirri, via Santa Maria Goretti 63 (Tel. 0706773815-0706773816, fax 0706773824, e-mail <a href=\"mailto:bibliotecapirri@comune.cagliari.it\">bibliotecapirri@comune.cagliari.it<\/a> .<\/p>\n","protected":false},"excerpt":{"rendered":"<p>Sar\u00e0 presentato marted\u00ec 19 marzo a partire dalle 18 nei locali della Biblioteca di Pirri, il libro di Alberto \u201cBebo\u201d Corpino, \u201cGladiatori di tutti i&#8230;<\/p>\n","protected":false},"author":2,"featured_media":0,"comment_status":"closed","ping_status":"closed","sticky":false,"template":"","format":"standard","meta":[],"categories":[49],"tags":[],"_links":{"self":[{"href":"https:\/\/www.cronacaonline.it\/index.php\/wp-json\/wp\/v2\/posts\/103146"}],"collection":[{"href":"https:\/\/www.cronacaonline.it\/index.php\/wp-json\/wp\/v2\/posts"}],"about":[{"href":"https:\/\/www.cronacaonline.it\/index.php\/wp-json\/wp\/v2\/types\/post"}],"author":[{"embeddable":true,"href":"https:\/\/www.cronacaonline.it\/index.php\/wp-json\/wp\/v2\/users\/2"}],"replies":[{"embeddable":true,"href":"https:\/\/www.cronacaonline.it\/index.php\/wp-json\/wp\/v2\/comments?post=103146"}],"version-history":[{"count":0,"href":"https:\/\/www.cronacaonline.it\/index.php\/wp-json\/wp\/v2\/posts\/103146\/revisions"}],"wp:attachment":[{"href":"https:\/\/www.cronacaonline.it\/index.php\/wp-json\/wp\/v2\/media?parent=103146"}],"wp:term":[{"taxonomy":"category","embeddable":true,"href":"https:\/\/www.cronacaonline.it\/index.php\/wp-json\/wp\/v2\/categories?post=103146"},{"taxonomy":"post_tag","embeddable":true,"href":"https:\/\/www.cronacaonline.it\/index.php\/wp-json\/wp\/v2\/tags?post=103146"}],"curies":[{"name":"wp","href":"https:\/\/api.w.org\/{rel}","templated":true}]}}