{"id":103098,"date":"2013-03-18T17:20:40","date_gmt":"2013-03-18T16:20:40","guid":{"rendered":"http:\/\/www.cronacaonline.it\/public\/content\/index.php\/18\/03\/2013\/resi-noti-i-nomi-degli-addetti-alla-selezione-dei-volontari-del-servizio-civile-nazionale-da-inserire-nei-progetti-volontari-al-centro-e-la-casa-dei-giochi"},"modified":"2013-03-18T17:20:40","modified_gmt":"2013-03-18T16:20:40","slug":"resi-noti-i-nomi-degli-addetti-alla-selezione-dei-volontari-del-servizio-civile-nazionale-da-inserire-nei-progetti-volontari-al-centro-e-la-casa-dei-giochi","status":"publish","type":"post","link":"https:\/\/www.cronacaonline.it\/index.php\/2013\/03\/18\/resi-noti-i-nomi-degli-addetti-alla-selezione-dei-volontari-del-servizio-civile-nazionale-da-inserire-nei-progetti-volontari-al-centro-e-la-casa-dei-giochi\/","title":{"rendered":"Resi noti i nomi degli addetti alla selezione dei volontari del servizio civile nazionale da inserire nei progetti \u201cVolontari al Centro\u201d e \u201cLa Casa dei Giochi\u201d"},"content":{"rendered":"<p>L'Unit\u00e0 Operativa Concorsi e Assunzioni del Comune di Cagliari ha reso noti i nominativi degli addetti alla selezione dei volontari del servizio civile nazionale da inserire nei progetti \u201cVolontari al Centro\u201d e \u201cLa Casa dei Giochi\u201d presso il medesimo Comune.<\/p>\n<p>In ottemperanza a quanto previsto dall'articolo 5 del Bando, le attivit\u00e0 di selezione saranno effettuate dai selettori nominati in fase di accreditamento, coadiuvati da altro personale che svolger\u00e0 mansioni di supporto secondo il seguente elenco, formato da dipendenti del Comune di Cagliari: Enrico Migliavacca Responsabile Selezione;&nbsp; Isabella Pinna Selettore, Donatella Sole Selettore, Maria Valeria Piras Incaricata attivit\u00e0 di supporto, Patrizia Fanni Incaricata attivit\u00e0 di supporto e Sandrina Murgioni Incaricata attivit\u00e0 di supporto. Com<\/p>\n","protected":false},"excerpt":{"rendered":"<p>L&#8217;Unit\u00e0 Operativa Concorsi e Assunzioni del Comune di Cagliari ha reso noti i nominativi degli addetti alla selezione dei volontari del servizio civile nazionale da&#8230;<\/p>\n","protected":false},"author":2,"featured_media":0,"comment_status":"closed","ping_status":"closed","sticky":false,"template":"","format":"standard","meta":[],"categories":[49],"tags":[],"_links":{"self":[{"href":"https:\/\/www.cronacaonline.it\/index.php\/wp-json\/wp\/v2\/posts\/103098"}],"collection":[{"href":"https:\/\/www.cronacaonline.it\/index.php\/wp-json\/wp\/v2\/posts"}],"about":[{"href":"https:\/\/www.cronacaonline.it\/index.php\/wp-json\/wp\/v2\/types\/post"}],"author":[{"embeddable":true,"href":"https:\/\/www.cronacaonline.it\/index.php\/wp-json\/wp\/v2\/users\/2"}],"replies":[{"embeddable":true,"href":"https:\/\/www.cronacaonline.it\/index.php\/wp-json\/wp\/v2\/comments?post=103098"}],"version-history":[{"count":0,"href":"https:\/\/www.cronacaonline.it\/index.php\/wp-json\/wp\/v2\/posts\/103098\/revisions"}],"wp:attachment":[{"href":"https:\/\/www.cronacaonline.it\/index.php\/wp-json\/wp\/v2\/media?parent=103098"}],"wp:term":[{"taxonomy":"category","embeddable":true,"href":"https:\/\/www.cronacaonline.it\/index.php\/wp-json\/wp\/v2\/categories?post=103098"},{"taxonomy":"post_tag","embeddable":true,"href":"https:\/\/www.cronacaonline.it\/index.php\/wp-json\/wp\/v2\/tags?post=103098"}],"curies":[{"name":"wp","href":"https:\/\/api.w.org\/{rel}","templated":true}]}}