{"id":103092,"date":"2013-03-15T17:20:40","date_gmt":"2013-03-15T16:20:40","guid":{"rendered":"http:\/\/www.cronacaonline.it\/public\/content\/index.php\/15\/03\/2013\/trasporti--chiusura-131-abbasantanuoro--confartigianato-trasporti-scrive-a-prefetti-e-anas-pesanti-disagi-per-gli-autotrasportatori-necessari-incontro-e-soluzioni"},"modified":"2013-03-15T17:20:40","modified_gmt":"2013-03-15T16:20:40","slug":"trasporti-chiusura-131-abbasantanuoro-confartigianato-trasporti-scrive-a-prefetti-e-anas-pesanti-disagi-per-gli-autotrasportatori-necessari-incontro-e-soluzioni","status":"publish","type":"post","link":"https:\/\/www.cronacaonline.it\/index.php\/2013\/03\/15\/trasporti-chiusura-131-abbasantanuoro-confartigianato-trasporti-scrive-a-prefetti-e-anas-pesanti-disagi-per-gli-autotrasportatori-necessari-incontro-e-soluzioni\/","title":{"rendered":"Trasporti \u2013 Chiusura 131 Abbasanta\/Nuoro \u2013 Confartigianato Trasporti scrive a Prefetti e ANAS: \u201cPesanti disagi per gli autotrasportatori: necessari incontro e soluzioni\u201d."},"content":{"rendered":"<p>Confartigianato Trasporti Sardegna ha scritto ai Prefetti di Nuoro e Oristano e all\u2019Anas per chiedere un incontro sui disagi causati dalla chiusura della 131 Abbasanta-Nuoro nel tratto tra i Km 2 e 8.900.<br \/>Infatti, i lavori sulla principale arteria di collegamento tra il sud, il centro e il nord dell\u2019Isola, e i conseguenti disagi derivati dal totale e parziale divieto di transito, stanno comportando un pesante danno economico e organizzativo alle imprese dell\u2019autotrasporto.<\/p>\n<p>\u201cCi spiace constare - ha scritto Giovanni Antonio Mellino, Presidente di Confartigianato Trasporti Sardegna, nella missiva inviata questa mattina a Prefetti e Anas - che un intervento di tale portata, riguardante la pi\u00f9 importante arteria viaria della regione, \u00e8 stato assunto senza alcun confronto preliminare con le principali Organizzazioni dell\u2019Autotrasporto\u201d. \u201cPer questo \u2013 ha proseguito Mellino nella lettera - riteniamo fondamentale che vengano assunte iniziative che allevino il disagio degli autotrasportatori, gi\u00e0 gravemente provati dall\u2019attuale periodo di crisi\u201d.<\/p>\n<p>Secondo il Presidente di Confartigianato Trasporti Sardegna, solo un auspicato confronto tra i Prefetti di Nuoro, Oristano, l\u2019Anas e le Associazioni dell\u2019Autotrasporto, potr\u00e0 consentire di individuare alternative valide all\u2019attuale e grave situazione.<\/p>\n<p>Per l\u2019Associazione dei Trasportatori, \u201ctale incontro \u00e8 tanto pi\u00f9 urgente in quanto \u00e8 prevedibile che il periodo di fine lavori nell\u2019arteria interessata possa prolungarsi ben oltre la scadenza attuale, prevista per 29 marzo 2013\u201d.<\/p>\n<p>In conclusione, Mellino chiedendo alle Autorit\u00e0 competenti di \u201cconsiderare le conseguenze sulla sicurezza stradale, sulla economia delle imprese, e sul rispetto della normativa del lavoro che la mancanza di interventi risolutivi possa generare\u201d, comunica la disponibilit\u00e0 dell\u2019Associazione per qualsiasi chiarimento e partecipazione ai tavoli eventualmente convocati. Com<\/p>\n","protected":false},"excerpt":{"rendered":"<p>Confartigianato Trasporti Sardegna ha scritto ai Prefetti di Nuoro e Oristano e all\u2019Anas per chiedere un incontro sui disagi causati dalla chiusura della 131 Abbasanta-Nuoro&#8230;<\/p>\n","protected":false},"author":2,"featured_media":0,"comment_status":"closed","ping_status":"closed","sticky":false,"template":"","format":"standard","meta":[],"categories":[49],"tags":[],"_links":{"self":[{"href":"https:\/\/www.cronacaonline.it\/index.php\/wp-json\/wp\/v2\/posts\/103092"}],"collection":[{"href":"https:\/\/www.cronacaonline.it\/index.php\/wp-json\/wp\/v2\/posts"}],"about":[{"href":"https:\/\/www.cronacaonline.it\/index.php\/wp-json\/wp\/v2\/types\/post"}],"author":[{"embeddable":true,"href":"https:\/\/www.cronacaonline.it\/index.php\/wp-json\/wp\/v2\/users\/2"}],"replies":[{"embeddable":true,"href":"https:\/\/www.cronacaonline.it\/index.php\/wp-json\/wp\/v2\/comments?post=103092"}],"version-history":[{"count":0,"href":"https:\/\/www.cronacaonline.it\/index.php\/wp-json\/wp\/v2\/posts\/103092\/revisions"}],"wp:attachment":[{"href":"https:\/\/www.cronacaonline.it\/index.php\/wp-json\/wp\/v2\/media?parent=103092"}],"wp:term":[{"taxonomy":"category","embeddable":true,"href":"https:\/\/www.cronacaonline.it\/index.php\/wp-json\/wp\/v2\/categories?post=103092"},{"taxonomy":"post_tag","embeddable":true,"href":"https:\/\/www.cronacaonline.it\/index.php\/wp-json\/wp\/v2\/tags?post=103092"}],"curies":[{"name":"wp","href":"https:\/\/api.w.org\/{rel}","templated":true}]}}