{"id":103081,"date":"2013-03-15T17:20:40","date_gmt":"2013-03-15T16:20:40","guid":{"rendered":"http:\/\/www.cronacaonline.it\/public\/content\/index.php\/15\/03\/2013\/dichiarazione-del-capogruppo-pd-in-consiglio-regionale-giampaolo-diana-su-patto-stabilita"},"modified":"2013-03-15T17:20:40","modified_gmt":"2013-03-15T16:20:40","slug":"dichiarazione-del-capogruppo-pd-in-consiglio-regionale-giampaolo-diana-su-patto-stabilita","status":"publish","type":"post","link":"https:\/\/www.cronacaonline.it\/index.php\/2013\/03\/15\/dichiarazione-del-capogruppo-pd-in-consiglio-regionale-giampaolo-diana-su-patto-stabilita\/","title":{"rendered":"Dichiarazione del Capogruppo Pd in consiglio regionale Giampaolo Diana su patto stabilit\u00e0"},"content":{"rendered":"<p>La Finanziaria \u00e8 stata annunciata per marted\u00ec, per ora solo gli annunci fatti ieri dal Presidente della Regione e se vale il vecchio detto che il buongiorno si vede dal mattino, ho paura che dovremo usare l\u2019ombrello ancora a lungo.<\/p>\n<p>Infatti, nelle dichiarazioni di Cappellacci ci sono questioni importanti, almeno nei titoli, quali il Patto di Stabilit\u00e0, il Reddito di Cittadinanza da lui ribattezzato di Comunit\u00e0, la restituzione dell\u2019IMU, l\u2019istituzione dell\u2019Agenzia delle Entrate sarda per sostituire Equitalia e infine la nuova moneta o carta di credito Sardex, affrontate in modo assurdo e con una semplicit\u00e0 disarmante.<\/p>\n<p>Sul Patto di Stabilit\u00e0, il Presidente dichiara di non volerlo sfondare in quanto scatterebbero sanzioni pecuniarie, che determinerebbero una perdita sensibile di trasferimenti per l\u2019anno successivo.<\/p>\n<p>\u00c8 vero, le conseguenze son queste e le conosciamo tutti.<\/p>\n<p>Se cos\u00ec non fosse i Presidenti delle Regioni, delle Province, i Sindaci, avrebbero violato il Patto e garantito ai cittadini maggiori risorse e alle imprese i pagamenti dei loro crediti.<\/p>\n<p>Non a un caso fin dall\u2019inizio della legislatura abbiamo insistito, anche con l\u2019occupazione dell\u2019Aula a&nbsp; dicembre del 2010, affinch\u00e8 la Regione avviasse in maniera seria un negoziato col Governo per allentare il Patto almeno per la spesa relativa agli investimenti e agli interventi per mettere in sicurezza idrogeologica il territorio regionale.<\/p>\n<p>Invito che Cappellacci ha sempre declinato, in quegli anni non si poteva disturbare l\u2019allora Presidente del Consiglio Berlusconi.<\/p>\n<p>Uscito di scena Berlusconi,&nbsp; il Presidente della Regione si sveglia e, nei mesi scorsi arriva&nbsp; addirittura a dichiarare&nbsp; guerra al governo,&nbsp; anche in lingua sarda.<\/p>\n<p>Oggi s\u2019inventa la riscrittura del Patto, bene, ci dica Cappellacci come fa a non violare quel&nbsp; Patto, se lo si riscrive in maniera unilaterale!<\/p>\n<p>Altres\u00ec, dovrebbe dire ai sardi, come pensa di avere le risorse, quand\u2019anche fosse possibile la riscrittura unilaterale , si \u00e8 forse scordato che&nbsp; queste sono gestite dalla Tesoreria centrale che trasferisce le risorse alle regioni in base alla loro capacit\u00e0 di spesa?<\/p>\n<p>Chiarisca il Presidente&nbsp; questi aspetti ancor prima di portare in commissione la Finanziaria.<\/p>\n<p>Purtroppo ho la spiacevole sensazione che Cappellacci, sapendo&nbsp; di perdere le prossime regionali, sia animato da un pericoloso calcolo cinico che lo spinge a far&nbsp; proposte col solo obiettivo di&nbsp; rendere ancora pi\u00f9 disastrati i conti regionali&nbsp; per mettere in difficolt\u00e0 chi, nel 2014 sar\u00e0 chiamato a rimettere in piedi la Sardegna.<\/p>\n<p>Di fronte a tale prospettiva, l\u2019appello al Presidente per un passo indietro di fronte a un esperienza fallimentare che consenta ai sardi di scegliersi un&nbsp; nuovo governo della Sardegna. <\/p>\n","protected":false},"excerpt":{"rendered":"<p>La Finanziaria \u00e8 stata annunciata per marted\u00ec, per ora solo gli annunci fatti ieri dal Presidente della Regione e se vale il vecchio detto che&#8230;<\/p>\n","protected":false},"author":2,"featured_media":0,"comment_status":"closed","ping_status":"closed","sticky":false,"template":"","format":"standard","meta":[],"categories":[49],"tags":[],"_links":{"self":[{"href":"https:\/\/www.cronacaonline.it\/index.php\/wp-json\/wp\/v2\/posts\/103081"}],"collection":[{"href":"https:\/\/www.cronacaonline.it\/index.php\/wp-json\/wp\/v2\/posts"}],"about":[{"href":"https:\/\/www.cronacaonline.it\/index.php\/wp-json\/wp\/v2\/types\/post"}],"author":[{"embeddable":true,"href":"https:\/\/www.cronacaonline.it\/index.php\/wp-json\/wp\/v2\/users\/2"}],"replies":[{"embeddable":true,"href":"https:\/\/www.cronacaonline.it\/index.php\/wp-json\/wp\/v2\/comments?post=103081"}],"version-history":[{"count":0,"href":"https:\/\/www.cronacaonline.it\/index.php\/wp-json\/wp\/v2\/posts\/103081\/revisions"}],"wp:attachment":[{"href":"https:\/\/www.cronacaonline.it\/index.php\/wp-json\/wp\/v2\/media?parent=103081"}],"wp:term":[{"taxonomy":"category","embeddable":true,"href":"https:\/\/www.cronacaonline.it\/index.php\/wp-json\/wp\/v2\/categories?post=103081"},{"taxonomy":"post_tag","embeddable":true,"href":"https:\/\/www.cronacaonline.it\/index.php\/wp-json\/wp\/v2\/tags?post=103081"}],"curies":[{"name":"wp","href":"https:\/\/api.w.org\/{rel}","templated":true}]}}