{"id":103052,"date":"2013-03-15T17:20:40","date_gmt":"2013-03-15T16:20:40","guid":{"rendered":"http:\/\/www.cronacaonline.it\/public\/content\/index.php\/15\/03\/2013\/commercio-crollano-le-aperture-50-e-il-dato-peggiore-degli-ultimi-20-anniil-centro-storico-piu-desertificato-e-quello-di-cagliari"},"modified":"2013-03-15T17:20:40","modified_gmt":"2013-03-15T16:20:40","slug":"commercio-crollano-le-aperture-50-e-il-dato-peggiore-degli-ultimi-20-anniil-centro-storico-piu-desertificato-e-quello-di-cagliari","status":"publish","type":"post","link":"https:\/\/www.cronacaonline.it\/index.php\/2013\/03\/15\/commercio-crollano-le-aperture-50-e-il-dato-peggiore-degli-ultimi-20-anniil-centro-storico-piu-desertificato-e-quello-di-cagliari\/","title":{"rendered":"Commercio, crollano le aperture: \u201350%: \u00c8 il dato peggiore degli ultimi 20 anniIl centro storico pi\u00f9 desertificato \u00e8 quello di Cagliari"},"content":{"rendered":"<p>\u201cI dati dell\u2019Osservatorio Confesercenti mostrano cifre che non basterebbe definire preoccupanti: nei primi due mesi del 2013 sono spariti quasi 10mila esercizi commerciali rispetto all\u2019analogo periodo del 2012. A conclusione del 1\u00b0 trimestre 2013, si stima che la perdita arrivi a oltre 14mila micro imprese. Se continua cos\u00ec, quest\u2019anno avverr\u00e0 un\u2019ecatombe, con un saldo negativo di 60mila imprese in tutta l\u2019Italia. La perdita di negozi crea disoccupazione e svuota le citt\u00e0: sono ormai 500mila gli esercizi sfitti in tutto il Paese\u201d. Cos\u00ec Marco Sulis, presidente regionale della Confesercenti, il quale sottolinea che \u201cnel centro di Cagliari \u00e8 sfitto un locale commerciale su tre\u201d.<\/p>\n<p>\u00c8 vistoso il crollo (\u201350%) delle aperture di nuove attivit\u00e0 rispetto al passato recente. \u201cAnche i pubblici esercizi \u2013 sottolinea Sulis \u2013 vivono un momento disastroso, decisamente in controtendenza con gli anni scorsi: secondo le nostre proiezioni, nel 1\u00b0 trimestre chiuderanno pi\u00f9 di 9.500 tra bar, ristoranti e attivit\u00e0 simili, per un saldo finale negativo nazionale di 6.401 unit\u00e0. Inoltre, si conferma un altro allarmante fenomeno: quello del crollo di nuove aperture nel settore del commercio al dettaglio. Tutto ci\u00f2 comporta un grave danno anche per lo Stato: sono andati in fumo 25 miliardi di canoni d\u2019affitto e 6,2 miliardi di gettito fiscale: pi\u00f9 dell\u2019Imu per la prima casa, che \u00e8 di circa 4 miliardi di euro. <\/p>\n<p>La percentuale di negozi rimasti senza affittuario varia di citt\u00e0 in citt\u00e0. Secondo un\u2019indagine dell\u2019Anama-Confesercenti, tra i capoluoghi presi in esame il centro storico pi\u00f9 desertificato \u00e8 quello di Cagliari, con il 31% dei negozi chiusi. Seguono Rovigo (29%), Catania (27%) e Palermo (26%). I dati sono relativi ai soli centri storici: nelle periferie il fenomeno \u00e8 ancora pi\u00f9 forte.<\/p>\n","protected":false},"excerpt":{"rendered":"<p>\u201cI dati dell\u2019Osservatorio Confesercenti mostrano cifre che non basterebbe definire preoccupanti: nei primi due mesi del 2013 sono spariti quasi 10mila esercizi commerciali rispetto all\u2019analogo&#8230;<\/p>\n","protected":false},"author":2,"featured_media":0,"comment_status":"closed","ping_status":"closed","sticky":false,"template":"","format":"standard","meta":[],"categories":[49],"tags":[],"_links":{"self":[{"href":"https:\/\/www.cronacaonline.it\/index.php\/wp-json\/wp\/v2\/posts\/103052"}],"collection":[{"href":"https:\/\/www.cronacaonline.it\/index.php\/wp-json\/wp\/v2\/posts"}],"about":[{"href":"https:\/\/www.cronacaonline.it\/index.php\/wp-json\/wp\/v2\/types\/post"}],"author":[{"embeddable":true,"href":"https:\/\/www.cronacaonline.it\/index.php\/wp-json\/wp\/v2\/users\/2"}],"replies":[{"embeddable":true,"href":"https:\/\/www.cronacaonline.it\/index.php\/wp-json\/wp\/v2\/comments?post=103052"}],"version-history":[{"count":0,"href":"https:\/\/www.cronacaonline.it\/index.php\/wp-json\/wp\/v2\/posts\/103052\/revisions"}],"wp:attachment":[{"href":"https:\/\/www.cronacaonline.it\/index.php\/wp-json\/wp\/v2\/media?parent=103052"}],"wp:term":[{"taxonomy":"category","embeddable":true,"href":"https:\/\/www.cronacaonline.it\/index.php\/wp-json\/wp\/v2\/categories?post=103052"},{"taxonomy":"post_tag","embeddable":true,"href":"https:\/\/www.cronacaonline.it\/index.php\/wp-json\/wp\/v2\/tags?post=103052"}],"curies":[{"name":"wp","href":"https:\/\/api.w.org\/{rel}","templated":true}]}}