{"id":103043,"date":"2013-03-15T17:20:40","date_gmt":"2013-03-15T16:20:40","guid":{"rendered":"http:\/\/www.cronacaonline.it\/public\/content\/index.php\/15\/03\/2013\/pregiudicato-bosniaco-deve-scontare-quasi-quattro-anni-di-carcere-per-tentato-omicidio-arrestato-ai-carabinieri"},"modified":"2013-03-15T17:20:40","modified_gmt":"2013-03-15T16:20:40","slug":"pregiudicato-bosniaco-deve-scontare-quasi-quattro-anni-di-carcere-per-tentato-omicidio-arrestato-ai-carabinieri","status":"publish","type":"post","link":"https:\/\/www.cronacaonline.it\/index.php\/2013\/03\/15\/pregiudicato-bosniaco-deve-scontare-quasi-quattro-anni-di-carcere-per-tentato-omicidio-arrestato-ai-carabinieri\/","title":{"rendered":"Pregiudicato bosniaco deve scontare quasi quattro anni di carcere per tentato omicidio, arrestato ai carabinieri."},"content":{"rendered":"<p>Questa mattina alle ore 08,15 circa in Villasor, i carabinieri della Stazione del paese, in esecuzione dell\u2019ordine di carcerazione emesso il 13 marzo scorso dal tribunale di Cagliari,&nbsp; hanno arrestato Sulejmanovic Elvis, di 34 anni,&nbsp; nato a Bihac (Bosnia Erzegovina), residente in Villasor via Beccia de Casteddu s.n., senza lavoro, in quanto ritenuto responsabile tentato omicidio in concorso e porto abusivo armi commesso a Cagliari il 9 marzo 2008.<\/p>\n<p>Il pregiudicato, deve scontare tre anni e otto mesi di reclusione.&nbsp; Quindi l\u2019uomo \u00e8 stato ritracciato e arrestato ed in seguito, dopo le formalit\u00e0 di legge, \u00e8 stato accompagnato e rinchiuso nel carcere cagliaritano di Buoncammino.<\/p>\n","protected":false},"excerpt":{"rendered":"<p>Questa mattina alle ore 08,15 circa in Villasor, i carabinieri della Stazione del paese, in esecuzione dell\u2019ordine di carcerazione emesso il 13 marzo scorso dal&#8230;<\/p>\n","protected":false},"author":2,"featured_media":0,"comment_status":"closed","ping_status":"closed","sticky":false,"template":"","format":"standard","meta":[],"categories":[49],"tags":[],"_links":{"self":[{"href":"https:\/\/www.cronacaonline.it\/index.php\/wp-json\/wp\/v2\/posts\/103043"}],"collection":[{"href":"https:\/\/www.cronacaonline.it\/index.php\/wp-json\/wp\/v2\/posts"}],"about":[{"href":"https:\/\/www.cronacaonline.it\/index.php\/wp-json\/wp\/v2\/types\/post"}],"author":[{"embeddable":true,"href":"https:\/\/www.cronacaonline.it\/index.php\/wp-json\/wp\/v2\/users\/2"}],"replies":[{"embeddable":true,"href":"https:\/\/www.cronacaonline.it\/index.php\/wp-json\/wp\/v2\/comments?post=103043"}],"version-history":[{"count":0,"href":"https:\/\/www.cronacaonline.it\/index.php\/wp-json\/wp\/v2\/posts\/103043\/revisions"}],"wp:attachment":[{"href":"https:\/\/www.cronacaonline.it\/index.php\/wp-json\/wp\/v2\/media?parent=103043"}],"wp:term":[{"taxonomy":"category","embeddable":true,"href":"https:\/\/www.cronacaonline.it\/index.php\/wp-json\/wp\/v2\/categories?post=103043"},{"taxonomy":"post_tag","embeddable":true,"href":"https:\/\/www.cronacaonline.it\/index.php\/wp-json\/wp\/v2\/tags?post=103043"}],"curies":[{"name":"wp","href":"https:\/\/api.w.org\/{rel}","templated":true}]}}