{"id":103035,"date":"2013-03-15T17:20:40","date_gmt":"2013-03-15T16:20:40","guid":{"rendered":"http:\/\/www.cronacaonline.it\/public\/content\/index.php\/15\/03\/2013\/oggi-parte-secondo-appuntamento-della-mostra-viaggio-al-termine-della-notte-1943-2013"},"modified":"2013-03-15T17:20:40","modified_gmt":"2013-03-15T16:20:40","slug":"oggi-parte-secondo-appuntamento-della-mostra-viaggio-al-termine-della-notte-1943-2013","status":"publish","type":"post","link":"https:\/\/www.cronacaonline.it\/index.php\/2013\/03\/15\/oggi-parte-secondo-appuntamento-della-mostra-viaggio-al-termine-della-notte-1943-2013\/","title":{"rendered":"Oggi parte secondo appuntamento della mostra \u201cViaggio al termine della notte 1943-2013\u201d"},"content":{"rendered":"<p>Il secondo atto della mostra \u201cViaggio al termine della notte 1943-2013\u201d che, allestita nei locali del Search \u2013 Sottopiano del Palazzo Civico di Via Roma, con ingresso nel Largo Carlo Felice, prender\u00e0 il via oggi, venerd\u00ec 15 marzo a partire dalle 18, si arricchir\u00e0 di un nuovo appuntamento in programma mercoled\u00ec 27 marzo con la presentazione dell'anteprima del filmato \u201cMemorie orali dello sfollamento\u201d.<\/p>\n<p>La mostra, curata e organizzata dall'Archivio Storico, dalla MEM e dai Musei Civici di Cagliari, proseguir\u00e0 nell'esposizione mirata a rievocare i momenti difficili puntando le attenzioni sull'esodo a seguito delle incursioni aeree. La guerra \u00e8 in casa, inizia lo sfollamento della popolazione dalla Citt\u00e0 verso le campagne. Si allontanano da Cagliari anche le Istituzioni. Sono momenti che stravolgono la vita di migliaia di persone con esiti sicuramente drammatici, ma che portano anche l'emergere di legami importanti.<\/p>\n<p>Mercoled\u00ec 27 marzo alle 16.30 sar\u00e0 presentata l'anteprima del filmato \u201cMemorie orali dello sfollamento\u201d del documentarista Stefano Sernagiotto. L'iniziativa, a cura dell\u2019Associazione Khorakhan\u00e8, \u00e8 stata realizzata in collaborazione con Stefano Pira e Giampaolo Salice dell'Universit\u00e0 di Cagliari.<\/p>\n<p>Per ulteriori informazioni \u00e8 possibile rivolgersi al SEARCH, Largo Carlo Felice (070 6777187), alla MEM \u2013 Mediateca del Mediterraneo, Via Mameli 164 (070 6773865), alla Galleria Comunale D'Arte, Largo G. Dess\u00ec (070\/6776454 <a href=\"http:\/\/www.museicivicicagliari.it\">www.museicivicicagliari.it<\/a>) o presso Musei Civici, Archivio Storico e Biblioteche Comunali.<\/p>\n","protected":false},"excerpt":{"rendered":"<p>Il secondo atto della mostra \u201cViaggio al termine della notte 1943-2013\u201d che, allestita nei locali del Search \u2013 Sottopiano del Palazzo Civico di Via Roma,&#8230;<\/p>\n","protected":false},"author":2,"featured_media":0,"comment_status":"closed","ping_status":"closed","sticky":false,"template":"","format":"standard","meta":[],"categories":[49],"tags":[],"_links":{"self":[{"href":"https:\/\/www.cronacaonline.it\/index.php\/wp-json\/wp\/v2\/posts\/103035"}],"collection":[{"href":"https:\/\/www.cronacaonline.it\/index.php\/wp-json\/wp\/v2\/posts"}],"about":[{"href":"https:\/\/www.cronacaonline.it\/index.php\/wp-json\/wp\/v2\/types\/post"}],"author":[{"embeddable":true,"href":"https:\/\/www.cronacaonline.it\/index.php\/wp-json\/wp\/v2\/users\/2"}],"replies":[{"embeddable":true,"href":"https:\/\/www.cronacaonline.it\/index.php\/wp-json\/wp\/v2\/comments?post=103035"}],"version-history":[{"count":0,"href":"https:\/\/www.cronacaonline.it\/index.php\/wp-json\/wp\/v2\/posts\/103035\/revisions"}],"wp:attachment":[{"href":"https:\/\/www.cronacaonline.it\/index.php\/wp-json\/wp\/v2\/media?parent=103035"}],"wp:term":[{"taxonomy":"category","embeddable":true,"href":"https:\/\/www.cronacaonline.it\/index.php\/wp-json\/wp\/v2\/categories?post=103035"},{"taxonomy":"post_tag","embeddable":true,"href":"https:\/\/www.cronacaonline.it\/index.php\/wp-json\/wp\/v2\/tags?post=103035"}],"curies":[{"name":"wp","href":"https:\/\/api.w.org\/{rel}","templated":true}]}}