{"id":102925,"date":"2013-03-15T17:20:40","date_gmt":"2013-03-15T16:20:40","guid":{"rendered":"http:\/\/www.cronacaonline.it\/public\/content\/index.php\/15\/03\/2013\/patto-stabilita-cappellacci-sardegna-pronta-a-liberarsi-con-legge-regionale-invitiamo-anche-altre-regioni-a-scelta-di-rottura"},"modified":"2013-03-15T17:20:40","modified_gmt":"2013-03-15T16:20:40","slug":"patto-stabilita-cappellacci-sardegna-pronta-a-liberarsi-con-legge-regionale-invitiamo-anche-altre-regioni-a-scelta-di-rottura","status":"publish","type":"post","link":"https:\/\/www.cronacaonline.it\/index.php\/2013\/03\/15\/patto-stabilita-cappellacci-sardegna-pronta-a-liberarsi-con-legge-regionale-invitiamo-anche-altre-regioni-a-scelta-di-rottura\/","title":{"rendered":"Patto stabilit\u00e0, cappellacci: \u201cSardegna pronta a liberarsi con legge regionale. Invitiamo anche altre regioni a scelta di rottura\u201d."},"content":{"rendered":"<p>&nbsp;\u201cLa Sardegna \u00e8 pronta a liberarsi dall\u2019inaccettabilegiogo del patto di stabilit\u00e0 con l\u2019adozione di una legge regionale\u201d. Lo haribadito stamane il presidente della Regione Sardegna Ugo Cappellacci.\u201cCondividiamo le preoccupazioni manifestate dal collega del Veneto Zaia einvitiamo anche le altre Regioni, sia quelle speciali che le ordinarie, adadottare una legge regionale che alzi il livello del conflitto nei confronti diuno Stato ancora sordo alle istanze provenienti dai territori e, per quanto ciriguarda, anche ai pronunciamenti della Corte Costituzionale.<\/p>\n<p>La Sardegna soffre questo problema in misura maggiorerispetto ad altre realt\u00e0 perch\u00e9 i parametri del patto di stabilit\u00e0 sono ancoralegati al precedente regime sulle entrate erariali. Dobbiamo liberarci \u2013 haconcluso il presidente- da un nodo che immobilizza la pubblica amministrazionee impedisce di spiegare pienamente le vele delle azioni destinate allefamiglie, alle imprese, al lavoro e ai territori\u201d. Com<\/p>\n","protected":false},"excerpt":{"rendered":"<p>&nbsp;\u201cLa Sardegna \u00e8 pronta a liberarsi dall\u2019inaccettabilegiogo del patto di stabilit\u00e0 con l\u2019adozione di una legge regionale\u201d. Lo haribadito stamane il presidente della Regione Sardegna&#8230;<\/p>\n","protected":false},"author":2,"featured_media":0,"comment_status":"closed","ping_status":"closed","sticky":false,"template":"","format":"standard","meta":[],"categories":[49],"tags":[],"_links":{"self":[{"href":"https:\/\/www.cronacaonline.it\/index.php\/wp-json\/wp\/v2\/posts\/102925"}],"collection":[{"href":"https:\/\/www.cronacaonline.it\/index.php\/wp-json\/wp\/v2\/posts"}],"about":[{"href":"https:\/\/www.cronacaonline.it\/index.php\/wp-json\/wp\/v2\/types\/post"}],"author":[{"embeddable":true,"href":"https:\/\/www.cronacaonline.it\/index.php\/wp-json\/wp\/v2\/users\/2"}],"replies":[{"embeddable":true,"href":"https:\/\/www.cronacaonline.it\/index.php\/wp-json\/wp\/v2\/comments?post=102925"}],"version-history":[{"count":0,"href":"https:\/\/www.cronacaonline.it\/index.php\/wp-json\/wp\/v2\/posts\/102925\/revisions"}],"wp:attachment":[{"href":"https:\/\/www.cronacaonline.it\/index.php\/wp-json\/wp\/v2\/media?parent=102925"}],"wp:term":[{"taxonomy":"category","embeddable":true,"href":"https:\/\/www.cronacaonline.it\/index.php\/wp-json\/wp\/v2\/categories?post=102925"},{"taxonomy":"post_tag","embeddable":true,"href":"https:\/\/www.cronacaonline.it\/index.php\/wp-json\/wp\/v2\/tags?post=102925"}],"curies":[{"name":"wp","href":"https:\/\/api.w.org\/{rel}","templated":true}]}}