{"id":102862,"date":"2013-03-22T17:20:39","date_gmt":"2013-03-22T16:20:39","guid":{"rendered":"http:\/\/www.cronacaonline.it\/public\/content\/index.php\/22\/03\/2013\/scuola-digitale-il-progetto-ha-ricevuto-il-plauso-dal-ministero-della-pubblica-istruzione"},"modified":"2013-03-22T17:20:39","modified_gmt":"2013-03-22T16:20:39","slug":"scuola-digitale-il-progetto-ha-ricevuto-il-plauso-dal-ministero-della-pubblica-istruzione","status":"publish","type":"post","link":"https:\/\/www.cronacaonline.it\/index.php\/2013\/03\/22\/scuola-digitale-il-progetto-ha-ricevuto-il-plauso-dal-ministero-della-pubblica-istruzione\/","title":{"rendered":"Scuola digitale: il progetto ha ricevuto il plauso dal ministero della pubblica istruzione"},"content":{"rendered":"<p>Una verifica sullo stato&nbsp; del progetto \u201cScuola digitale\u201d \u00e8 stata fatta questa mattina nella sede dell\u2019assessorato regionale della pubblica istruzione, tra l\u2019assessore Sergio Milia, il capo dipartimento della Pubblica Istruzione, Giovanni Biondi,&nbsp; ed il responsabile dell\u2019Ufficio Scolastico Regionale&nbsp; della Sardegna, Francesco Feliziani.<\/p>\n<p>L\u2019incontro \u00e8 servito per fare il punto della situazione attuale e per organizzare le attivit\u00e0 che a questo punto delle attivit\u00e0 del Progetto&nbsp; interesser\u00e0 i docenti che saranno formati per l\u2019uso della nuova tecnologia che interessa tutte le scuole dell\u2019Isola.<\/p>\n<p>Dopo l\u2019installazione nelle aule delle LIM, che ha gi\u00e0 interessato oltre 80 per cento delle scuole, mille docenti seguiranno un corso di formazione con la supervisione dell\u2019INDIRE (Istituto Nazionale di Documentazione Innovazione e Ricerca Educativa). Da settembre diventeranno i formatori dei circa 18 mila docenti di ogni ordine delle scuole sarde.<\/p>\n<p>Il Capo Dipartimento, Giovanni Biondi, stretto collaboratore del ministro Profumo, ha espresso all\u2019assessore Milia il vivo apprezzamento per l\u2019organizzazione e la qualit\u00e0 delle attivit\u00e0 gi\u00e0 avviate e per l\u2019importanza dell\u2019innovazione nella didattica, che sta interessando la scuola sarda.<br \/>L\u2019assessore Milia ha dal canto suo ha rassicurato il rappresentante&nbsp;&nbsp; ministeriale sui tempi di conclusione del progetto, previsti per l\u2019anno scolastico 2013\/14 e lo ha ringraziato per la collaborazione. Com<\/p>\n","protected":false},"excerpt":{"rendered":"<p>Una verifica sullo stato&nbsp; del progetto \u201cScuola digitale\u201d \u00e8 stata fatta questa mattina nella sede dell\u2019assessorato regionale della pubblica istruzione, tra l\u2019assessore Sergio Milia, il&#8230;<\/p>\n","protected":false},"author":2,"featured_media":0,"comment_status":"closed","ping_status":"closed","sticky":false,"template":"","format":"standard","meta":[],"categories":[49],"tags":[],"_links":{"self":[{"href":"https:\/\/www.cronacaonline.it\/index.php\/wp-json\/wp\/v2\/posts\/102862"}],"collection":[{"href":"https:\/\/www.cronacaonline.it\/index.php\/wp-json\/wp\/v2\/posts"}],"about":[{"href":"https:\/\/www.cronacaonline.it\/index.php\/wp-json\/wp\/v2\/types\/post"}],"author":[{"embeddable":true,"href":"https:\/\/www.cronacaonline.it\/index.php\/wp-json\/wp\/v2\/users\/2"}],"replies":[{"embeddable":true,"href":"https:\/\/www.cronacaonline.it\/index.php\/wp-json\/wp\/v2\/comments?post=102862"}],"version-history":[{"count":0,"href":"https:\/\/www.cronacaonline.it\/index.php\/wp-json\/wp\/v2\/posts\/102862\/revisions"}],"wp:attachment":[{"href":"https:\/\/www.cronacaonline.it\/index.php\/wp-json\/wp\/v2\/media?parent=102862"}],"wp:term":[{"taxonomy":"category","embeddable":true,"href":"https:\/\/www.cronacaonline.it\/index.php\/wp-json\/wp\/v2\/categories?post=102862"},{"taxonomy":"post_tag","embeddable":true,"href":"https:\/\/www.cronacaonline.it\/index.php\/wp-json\/wp\/v2\/tags?post=102862"}],"curies":[{"name":"wp","href":"https:\/\/api.w.org\/{rel}","templated":true}]}}