{"id":102823,"date":"2013-03-18T17:20:39","date_gmt":"2013-03-18T16:20:39","guid":{"rendered":"http:\/\/www.cronacaonline.it\/public\/content\/index.php\/18\/03\/2013\/carceri-sdr-disagi-a-buoncammino-per-blocco-fogna-braccio-destro"},"modified":"2013-03-18T17:20:39","modified_gmt":"2013-03-18T16:20:39","slug":"carceri-sdr-disagi-a-buoncammino-per-blocco-fogna-braccio-destro","status":"publish","type":"post","link":"https:\/\/www.cronacaonline.it\/index.php\/2013\/03\/18\/carceri-sdr-disagi-a-buoncammino-per-blocco-fogna-braccio-destro\/","title":{"rendered":"Carceri: Sdr, disagi a Buoncammino per blocco fogna braccio destro"},"content":{"rendered":"<p>\u201cUn improvviso guasto al sistema fognario ha comportato disagi per una trentina di detenuti della Casa Circondariale di Buoncammino. E\u2019 la conferma che la struttura ha necessit\u00e0 di urgenti interventi di ristrutturazione\u201d. Lo sostiene&nbsp; Maria Grazia Caligaris, presidente dell\u2019associazione \u201cSocialismo Diritti Riforme\u201d, sottolineando \u201cle difficolt\u00e0 quotidiane di chi deve assicurare servizi efficienti e la sicurezza dei detenuti\u201d.<\/p>\n<p>\u201cL\u2019intervento della Direzione del carcere \u2013 ha sottolineato \u2013 \u00e8 stato provvidenziale.&nbsp; E\u2019 stata infatti disposta l\u2019immediata chiusura di 6 celle e chiesto l\u2019intervento di una ditta specializzata che, attraverso delle telecamere, dovr\u00e0 individuare il punto esatto del problema. I primi sondaggi non hanno purtroppo dato esito positivo rivelando per\u00f2 la presenza di calcinacci e pietre\u201d.<\/p>\n<p>\u201cL\u2019episodio critico si \u00e8 verificato con 486 presenze di cittadini privati della libert\u00e0, sar\u00e0 quindi necessario \u2013 conclude la presidente di SdR \u2013 alleggerire il numero dei detenuti con trasferimenti in modo da evitare un aggravio di sovraffollamento nelle altre celle\u201d.<\/p>\n","protected":false},"excerpt":{"rendered":"<p>\u201cUn improvviso guasto al sistema fognario ha comportato disagi per una trentina di detenuti della Casa Circondariale di Buoncammino. E\u2019 la conferma che la struttura&#8230;<\/p>\n","protected":false},"author":2,"featured_media":0,"comment_status":"closed","ping_status":"closed","sticky":false,"template":"","format":"standard","meta":[],"categories":[49],"tags":[],"_links":{"self":[{"href":"https:\/\/www.cronacaonline.it\/index.php\/wp-json\/wp\/v2\/posts\/102823"}],"collection":[{"href":"https:\/\/www.cronacaonline.it\/index.php\/wp-json\/wp\/v2\/posts"}],"about":[{"href":"https:\/\/www.cronacaonline.it\/index.php\/wp-json\/wp\/v2\/types\/post"}],"author":[{"embeddable":true,"href":"https:\/\/www.cronacaonline.it\/index.php\/wp-json\/wp\/v2\/users\/2"}],"replies":[{"embeddable":true,"href":"https:\/\/www.cronacaonline.it\/index.php\/wp-json\/wp\/v2\/comments?post=102823"}],"version-history":[{"count":0,"href":"https:\/\/www.cronacaonline.it\/index.php\/wp-json\/wp\/v2\/posts\/102823\/revisions"}],"wp:attachment":[{"href":"https:\/\/www.cronacaonline.it\/index.php\/wp-json\/wp\/v2\/media?parent=102823"}],"wp:term":[{"taxonomy":"category","embeddable":true,"href":"https:\/\/www.cronacaonline.it\/index.php\/wp-json\/wp\/v2\/categories?post=102823"},{"taxonomy":"post_tag","embeddable":true,"href":"https:\/\/www.cronacaonline.it\/index.php\/wp-json\/wp\/v2\/tags?post=102823"}],"curies":[{"name":"wp","href":"https:\/\/api.w.org\/{rel}","templated":true}]}}