{"id":102792,"date":"2013-03-15T17:20:39","date_gmt":"2013-03-15T16:20:39","guid":{"rendered":"http:\/\/www.cronacaonline.it\/public\/content\/index.php\/15\/03\/2013\/sdr-ingiusto-sospendere-potesta-a-genitore-detenuto-non-definitivo"},"modified":"2013-03-15T17:20:39","modified_gmt":"2013-03-15T16:20:39","slug":"sdr-ingiusto-sospendere-potesta-a-genitore-detenuto-non-definitivo","status":"publish","type":"post","link":"https:\/\/www.cronacaonline.it\/index.php\/2013\/03\/15\/sdr-ingiusto-sospendere-potesta-a-genitore-detenuto-non-definitivo\/","title":{"rendered":"Sdr, ingiusto sospendere potest\u00e0 a genitore detenuto non definitivo"},"content":{"rendered":"<p>\u201cIl grave provvedimento assunto dai Giudici del Tribunale dei Minori di Cagliari nei confronti di un padre privato della libert\u00e0 che si era visto sospendere la potest\u00e0 genitoriale perch\u00e9 aveva subito una condanna in primo grado a \u201cuna pena rilevante\u201d \u00e8 stato revocato\u201d.<\/p>\n<p>Lo rende noto, esprimendo soddisfazione, Maria Grazia Caligaris, presidente dell\u2019associazione \u201cSocialismo Diritti Riforme\u201d, avendo appreso che la sezione per i Minorenni della Corte d\u2019Appello ha dato ragione al padre P.L. attualmente nella Colonia Penale di Isili (Cagliari). Contro l\u2019ordinanza del 16 gennaio 2012, che introduceva nella giurisprudenza un grave precedente, aveva presentato reclamo il difensore del detenuto avvocato Carlo Amat.<\/p>\n<p>\u201cLa sentenza dei Giudici della sezione minorenni della Corte d\u2019Appello, presidente Gian Giacomo Pisotti, costituisce \u2013 sottolinea Caligaris \u2013 un importante limite a qualunque automatismo consequenziale tra l\u2019essere detenuto, avere subito un primo grado di processo e perdere la patria potest\u00e0 sui figli minori. Per i giudici insomma una sentenza non definitiva di condanna penale anche se per reati gravi, ma non direttamente pregiudizievoli per il figlio minore, non giustifica automaticamente, un provvedimento di sospensione della potest\u00e0 genitoriale\u201d.<\/p>\n<p>La vicenda risale al luglio del 2009 quando la ex moglie di P.L. aveva presentato l\u2019istanza di decadenza contro il coniuge. Il provvedimento del Tribunale dei Minori,&nbsp; aveva gettato l\u2019uomo nello sconforto inducendolo in uno stato di grave prostrazione.&nbsp; Avverso all\u2019ordinanza aveva presentato reclamo l\u2019avv. Carlo Amat, sottolineando l\u2019assenza di elementi di una violazione grave dei doveri genitoriali da parte dell\u2019adulto o di un suo disinteresse per la vita del figlio.<\/p>\n<p>&nbsp;\u201cLa sentenza \u2013 conclude la presidente di SdR \u2013 ha un particolare valore in quanto ribadisce che un cittadino ha diritto ai tre gradi di giudizio e fino a quel momento, salvo specifici dispositivi, pu\u00f2 esercitare la patria potest\u00e0 e continuare a rapportarsi con il figlio secondo quanto stabilito in precedenza garantendo ad entrambi e agli stretti familiari di godere dell\u2019affettivit\u00e0\u201d.<\/p>\n","protected":false},"excerpt":{"rendered":"<p>\u201cIl grave provvedimento assunto dai Giudici del Tribunale dei Minori di Cagliari nei confronti di un padre privato della libert\u00e0 che si era visto sospendere&#8230;<\/p>\n","protected":false},"author":2,"featured_media":0,"comment_status":"closed","ping_status":"closed","sticky":false,"template":"","format":"standard","meta":[],"categories":[49],"tags":[],"_links":{"self":[{"href":"https:\/\/www.cronacaonline.it\/index.php\/wp-json\/wp\/v2\/posts\/102792"}],"collection":[{"href":"https:\/\/www.cronacaonline.it\/index.php\/wp-json\/wp\/v2\/posts"}],"about":[{"href":"https:\/\/www.cronacaonline.it\/index.php\/wp-json\/wp\/v2\/types\/post"}],"author":[{"embeddable":true,"href":"https:\/\/www.cronacaonline.it\/index.php\/wp-json\/wp\/v2\/users\/2"}],"replies":[{"embeddable":true,"href":"https:\/\/www.cronacaonline.it\/index.php\/wp-json\/wp\/v2\/comments?post=102792"}],"version-history":[{"count":0,"href":"https:\/\/www.cronacaonline.it\/index.php\/wp-json\/wp\/v2\/posts\/102792\/revisions"}],"wp:attachment":[{"href":"https:\/\/www.cronacaonline.it\/index.php\/wp-json\/wp\/v2\/media?parent=102792"}],"wp:term":[{"taxonomy":"category","embeddable":true,"href":"https:\/\/www.cronacaonline.it\/index.php\/wp-json\/wp\/v2\/categories?post=102792"},{"taxonomy":"post_tag","embeddable":true,"href":"https:\/\/www.cronacaonline.it\/index.php\/wp-json\/wp\/v2\/tags?post=102792"}],"curies":[{"name":"wp","href":"https:\/\/api.w.org\/{rel}","templated":true}]}}