{"id":102767,"date":"2013-03-18T17:20:39","date_gmt":"2013-03-18T16:20:39","guid":{"rendered":"http:\/\/www.cronacaonline.it\/public\/content\/index.php\/18\/03\/2013\/mercoledi-prossimo-sara-presentato-periferie-testi-di-andrea-serra-e-musiche-di-daniela-serra"},"modified":"2013-03-18T17:20:39","modified_gmt":"2013-03-18T16:20:39","slug":"mercoledi-prossimo-sara-presentato-periferie-testi-di-andrea-serra-e-musiche-di-daniela-serra","status":"publish","type":"post","link":"https:\/\/www.cronacaonline.it\/index.php\/2013\/03\/18\/mercoledi-prossimo-sara-presentato-periferie-testi-di-andrea-serra-e-musiche-di-daniela-serra\/","title":{"rendered":"Mercoled\u00ec prossimo sar\u00e0 presentato \u201cPeriferie\u201d testi di Andrea Serra e musiche di Daniela Serra."},"content":{"rendered":"<p>Mercoled\u00ec 20 marzo alle ore 18.00, alla Biblioteca Comunale di Pirri in via Santa Maria Goretti, sar\u00e0 presentato \u201cPeriferie\u201d testi di Andrea Serra e musiche di Daniela Serra.<\/p>\n<p>Racconti e storie che si muovono nella periferia, quella del nostre citt\u00e0, ma anche quelle pi\u00f9 sensibili, dolorose e divertenti che si trovano dentro ognuno di noi. Perch\u00e9 niente \u00e8 pi\u00f9 vicino a noi di quello che cerchiamo di tenere lontano.<\/p>\n","protected":false},"excerpt":{"rendered":"<p>Mercoled\u00ec 20 marzo alle ore 18.00, alla Biblioteca Comunale di Pirri in via Santa Maria Goretti, sar\u00e0 presentato \u201cPeriferie\u201d testi di Andrea Serra e musiche&#8230;<\/p>\n","protected":false},"author":2,"featured_media":0,"comment_status":"closed","ping_status":"closed","sticky":false,"template":"","format":"standard","meta":[],"categories":[49],"tags":[],"_links":{"self":[{"href":"https:\/\/www.cronacaonline.it\/index.php\/wp-json\/wp\/v2\/posts\/102767"}],"collection":[{"href":"https:\/\/www.cronacaonline.it\/index.php\/wp-json\/wp\/v2\/posts"}],"about":[{"href":"https:\/\/www.cronacaonline.it\/index.php\/wp-json\/wp\/v2\/types\/post"}],"author":[{"embeddable":true,"href":"https:\/\/www.cronacaonline.it\/index.php\/wp-json\/wp\/v2\/users\/2"}],"replies":[{"embeddable":true,"href":"https:\/\/www.cronacaonline.it\/index.php\/wp-json\/wp\/v2\/comments?post=102767"}],"version-history":[{"count":0,"href":"https:\/\/www.cronacaonline.it\/index.php\/wp-json\/wp\/v2\/posts\/102767\/revisions"}],"wp:attachment":[{"href":"https:\/\/www.cronacaonline.it\/index.php\/wp-json\/wp\/v2\/media?parent=102767"}],"wp:term":[{"taxonomy":"category","embeddable":true,"href":"https:\/\/www.cronacaonline.it\/index.php\/wp-json\/wp\/v2\/categories?post=102767"},{"taxonomy":"post_tag","embeddable":true,"href":"https:\/\/www.cronacaonline.it\/index.php\/wp-json\/wp\/v2\/tags?post=102767"}],"curies":[{"name":"wp","href":"https:\/\/api.w.org\/{rel}","templated":true}]}}