{"id":102746,"date":"2013-03-18T17:20:39","date_gmt":"2013-03-18T16:20:39","guid":{"rendered":"http:\/\/www.cronacaonline.it\/public\/content\/index.php\/18\/03\/2013\/giovane-pluripregiudicato-denunciato-in-stato-di-liberta-allag-per-rapina"},"modified":"2013-03-18T17:20:39","modified_gmt":"2013-03-18T16:20:39","slug":"giovane-pluripregiudicato-denunciato-in-stato-di-liberta-allag-per-rapina","status":"publish","type":"post","link":"https:\/\/www.cronacaonline.it\/index.php\/2013\/03\/18\/giovane-pluripregiudicato-denunciato-in-stato-di-liberta-allag-per-rapina\/","title":{"rendered":"Giovane pluripregiudicato denunciato in stato di libert\u00e0 all\u2019A.G. per rapina."},"content":{"rendered":"<p>Questa mattina, i Carabinieri della Stazione di Terralba, a seguito di attivit\u00e0 informativa che ha permesso di raccogliere alcune testimonianze, hanno denunciato in stato di libert\u00e0, alla Procura della Repubblica di Oristano, Marcello Zuddas,&nbsp; 28 anni, residente a San Nicol\u00f2 D\u2019Arcidano, pluripregiudicato, tossicodipendente.<\/p>\n<p>Il giovane \u00e8 stato identificato come uno degli autori della rapina avvenuta nella tarda mattinata di sabato scorso, presso il market Superalimentari 1, di via Manzoni, a Terralba e risulta irreperibile dalla propria abitazione dal primo pomeriggio di sabato, allorquando si \u00e8 dato alla fuga, dopo essersi cambiato di abiti, per eludere le investigazioni che si stavano focalizzando sulla sua persona.<\/p>\n<p>Attualmente sono ancora in corso indagini volte a identificare il secondo rapinatore<\/p>\n","protected":false},"excerpt":{"rendered":"<p>Questa mattina, i Carabinieri della Stazione di Terralba, a seguito di attivit\u00e0 informativa che ha permesso di raccogliere alcune testimonianze, hanno denunciato in stato di&#8230;<\/p>\n","protected":false},"author":2,"featured_media":0,"comment_status":"closed","ping_status":"closed","sticky":false,"template":"","format":"standard","meta":[],"categories":[49],"tags":[],"_links":{"self":[{"href":"https:\/\/www.cronacaonline.it\/index.php\/wp-json\/wp\/v2\/posts\/102746"}],"collection":[{"href":"https:\/\/www.cronacaonline.it\/index.php\/wp-json\/wp\/v2\/posts"}],"about":[{"href":"https:\/\/www.cronacaonline.it\/index.php\/wp-json\/wp\/v2\/types\/post"}],"author":[{"embeddable":true,"href":"https:\/\/www.cronacaonline.it\/index.php\/wp-json\/wp\/v2\/users\/2"}],"replies":[{"embeddable":true,"href":"https:\/\/www.cronacaonline.it\/index.php\/wp-json\/wp\/v2\/comments?post=102746"}],"version-history":[{"count":0,"href":"https:\/\/www.cronacaonline.it\/index.php\/wp-json\/wp\/v2\/posts\/102746\/revisions"}],"wp:attachment":[{"href":"https:\/\/www.cronacaonline.it\/index.php\/wp-json\/wp\/v2\/media?parent=102746"}],"wp:term":[{"taxonomy":"category","embeddable":true,"href":"https:\/\/www.cronacaonline.it\/index.php\/wp-json\/wp\/v2\/categories?post=102746"},{"taxonomy":"post_tag","embeddable":true,"href":"https:\/\/www.cronacaonline.it\/index.php\/wp-json\/wp\/v2\/tags?post=102746"}],"curies":[{"name":"wp","href":"https:\/\/api.w.org\/{rel}","templated":true}]}}