{"id":102211,"date":"2013-01-08T17:20:39","date_gmt":"2013-01-08T16:20:39","guid":{"rendered":"http:\/\/www.cronacaonline.it\/public\/content\/index.php\/08\/01\/2013\/visita-cancellieri-cappellacci-bene-attenzione-su-sicurezza-ma-occorre-collaborazione-intero-governo"},"modified":"2013-01-08T17:20:39","modified_gmt":"2013-01-08T16:20:39","slug":"visita-cancellieri-cappellacci-bene-attenzione-su-sicurezza-ma-occorre-collaborazione-intero-governo","status":"publish","type":"post","link":"https:\/\/www.cronacaonline.it\/index.php\/2013\/01\/08\/visita-cancellieri-cappellacci-bene-attenzione-su-sicurezza-ma-occorre-collaborazione-intero-governo\/","title":{"rendered":"Visita Cancellieri: Cappellacci, bene attenzione su sicurezza, ma occorre collaborazione intero governo"},"content":{"rendered":"<p>\u201cIl rapporto Stato-Regione, che dovrebbe essere sempre improntato a leale collaborazione, vede ancora molti nodi irrisolti su questioni fondamentali per la Sardegna\u201d.<\/p>\n<p>Lo ha dichiarato il presidente Cappellacci, intervenendo stamane al vertice con il ministro Cancellieri a Cagliari.<\/p>\n<p>\u201c\u00c9 importante - ha aggiunto il presidente- che vi sia attenzione alla questione sicurezza, e le diamo atto di essere venuta in Sardegna per affrontare una questione complessa come quella degli attentati nei confronti di quei sindaci che sono il primo punto di riferimento della democrazia nel territorio, ma spesso i problemi rischiamo di trovare terreno fertile in un diffuso disagio sociale sottolineato anche dal Capo dello Stato nel suo intervento di fine anno. Per questo - ha aggiunto Cappellacci- \u00e8 doveroso sottolineare ancora le questioni ancora aperte con lo Stato e rivolgere un appello anche al ministro affinch\u00e9 sensibilizzi gli altri componenti dell'esecutivo.<\/p>\n<p>Particolarmente grave \u00e8 il venir meno degli impegni sulla cassa integrazione in deroga. Le coperture promesse non sono arrivate e questo per noi \u00e8 fonte di grande preoccupazione perch\u00e9 fa mancare l'ossigeno a quelle famiglie che&nbsp;<A href=\"javascript:mails_addtocal(1,%22oggi%22);\"><FONT color=#0000ff>oggi<\/FONT><\/A>&nbsp;si trovano in difficolt\u00e0. Questo - ha sottolineato il presidente- si aggiunge ai temi della pi\u00f9 ampia vertenza Sardegna, che vanno dalla vertenza entrate e patto di stabilit\u00e0, al divario infrastrutturale. Proprio il patto di stabilit\u00e0 - ha evidenziato il presidente- limita &nbsp;l'azione della Regione e dei Comuni nel territorio e impedisce di dispiegare gli effetti delle azioni programmate per combatter la crisi e creare nuove opportunit\u00e0 per il lavoro e per le imprese. Ci avviciniamo a una nuova scadenza elettorale, il che non aiuta, ma \u00e9 necessario - ha concluso Cappellacci- non perdere un solo minuto del tempo a disposizione delle istituzioni per risolvere i problemi\u201d. Com<\/p>\n","protected":false},"excerpt":{"rendered":"<p>\u201cIl rapporto Stato-Regione, che dovrebbe essere sempre improntato a leale collaborazione, vede ancora molti nodi irrisolti su questioni fondamentali per la Sardegna\u201d. Lo ha dichiarato&#8230;<\/p>\n","protected":false},"author":2,"featured_media":0,"comment_status":"closed","ping_status":"closed","sticky":false,"template":"","format":"standard","meta":[],"categories":[49],"tags":[],"_links":{"self":[{"href":"https:\/\/www.cronacaonline.it\/index.php\/wp-json\/wp\/v2\/posts\/102211"}],"collection":[{"href":"https:\/\/www.cronacaonline.it\/index.php\/wp-json\/wp\/v2\/posts"}],"about":[{"href":"https:\/\/www.cronacaonline.it\/index.php\/wp-json\/wp\/v2\/types\/post"}],"author":[{"embeddable":true,"href":"https:\/\/www.cronacaonline.it\/index.php\/wp-json\/wp\/v2\/users\/2"}],"replies":[{"embeddable":true,"href":"https:\/\/www.cronacaonline.it\/index.php\/wp-json\/wp\/v2\/comments?post=102211"}],"version-history":[{"count":0,"href":"https:\/\/www.cronacaonline.it\/index.php\/wp-json\/wp\/v2\/posts\/102211\/revisions"}],"wp:attachment":[{"href":"https:\/\/www.cronacaonline.it\/index.php\/wp-json\/wp\/v2\/media?parent=102211"}],"wp:term":[{"taxonomy":"category","embeddable":true,"href":"https:\/\/www.cronacaonline.it\/index.php\/wp-json\/wp\/v2\/categories?post=102211"},{"taxonomy":"post_tag","embeddable":true,"href":"https:\/\/www.cronacaonline.it\/index.php\/wp-json\/wp\/v2\/tags?post=102211"}],"curies":[{"name":"wp","href":"https:\/\/api.w.org\/{rel}","templated":true}]}}