{"id":102160,"date":"2013-01-20T17:20:39","date_gmt":"2013-01-20T16:20:39","guid":{"rendered":"http:\/\/www.cronacaonline.it\/public\/content\/index.php\/20\/01\/2013\/monti-non-possiamo-rimettere-litalia-in-mano-agli-incapaci"},"modified":"2013-01-20T17:20:39","modified_gmt":"2013-01-20T16:20:39","slug":"monti-non-possiamo-rimettere-litalia-in-mano-agli-incapaci","status":"publish","type":"post","link":"https:\/\/www.cronacaonline.it\/index.php\/2013\/01\/20\/monti-non-possiamo-rimettere-litalia-in-mano-agli-incapaci\/","title":{"rendered":"Monti: non possiamo rimettere l&#8217;Italia in mano agli incapaci"},"content":{"rendered":"<p>\"Non possiamo rimettere l'Italia nelle mani degli incapaci che l'hanno portata al novembre 2011. La vecchia politica non deve tornare. Il governo tecnico non sarebbe stato chiamato se la cosa pubblica fosse stata nelle mani di politici capaci e credibili\".<\/p>\n<p>E' il messaggio che il premier uscente Mario Monti porter\u00e0 oggi a Bergamo alla kermesse della sua formazione politica, come dice lui stesso in una lunga intervista al direttore del Corriere della Sera, Ferruccio De Bortoli, nella quale spiega le ragioni che lo hanno portato a 'salire in politica', ripercorre l'anno di governo e guarda all'aggiornamento della sua Agenda che potrebbe contenere anche una proposta di modifica della riforma Fornero del mercato del Lavoro, ma \"per ora - si limita a dire - su questa materia specifica nessun orientamento \u00e8 deciso\".<\/p>\n<p>Tra i motivi che lo hanno spinto, spiega, c'\u00e8 stato sia il timore che venissero \"dissipati\" i sacrifici fatti fin qui dagli italiani, sia la necessit\u00e0 del Paese di essere ancora \"unificato\". Per il Professore \"sembriamo a volte un insieme di trib\u00f9, di corporazioni, di fortini intenti a difendere interessi di parte di incrostazioni clientelari\" e non \"un Paese con un senso del bene comune\".<\/p>\n<p>E oggi non basta pi\u00f9 fare la propria parte, fare con onest\u00e0 il proprio mestiere perch\u00e9 \"se non ci impegniamo direttamente, se non sacrifichiamo qualcosa di personale, questo Paese non avr\u00e0 futuro e su di noi cadr\u00e0 una colpa grave, che non avr\u00e0 prescrizione\".<\/p>\n<p>Il suo governo (che \"partiva sempre da zero, con partiti chiamati a decidere spesso qualcosa di contrario alla loro natura\") ha potuto dare poca attenzione al sociale per la situazione eccezionale in cui si e' trovato: \"Bisognava mettere gli italiani di fronte a realt\u00e0 colpevolmente negate fino al giorno prima. I finti buoni li avrebbero portati al fondo del precipizio\".<\/p>\n<p>Il Presidente Giorgio Napolitano, con il quale il rapporto \u00e8 \"di reciproca stima ma anche di pudore sui nostri sentimenti personali\", \"quando cominciai a dirgli che sentivo cambiare qualcosa in me non mi sconsigli\u00f2, mi diede ascolto\". E certo \"credo di averlo sorpreso ma penso che oggi abbia compreso le ragioni della mia scelta\".<\/p>\n<p>Monti ribadisce anche di avere \"apprezzato l'offerta che mi fece Berlusconi, ma gli dissi subito che, se mai, all'Italia sarebbe occorso un federatore dei riformisti, finora domiciliati in tre poli\". Quanto al Pd \"quando si \u00e8 alleato esclusivamente con Sel ha riscoperto posizioni radicali e massimaliste in un rapporto pi\u00f9 stretto con la Cgil\".<\/p>\n<p>Infine il movimento '5 Stelle': \"Noi e Grillo siamo due espressioni differenti dell'insofferenza popolare. Iconografia della rabbia la sua, vivace ma temo inconcludente. Seria, composta, con tante persone capaci e ormai con esperienza di governo in Italia e in Europa la nostra\".<\/p>\n","protected":false},"excerpt":{"rendered":"<p>&#8220;Non possiamo rimettere l&#8217;Italia nelle mani degli incapaci che l&#8217;hanno portata al novembre 2011. La vecchia politica non deve tornare. Il governo tecnico non sarebbe&#8230;<\/p>\n","protected":false},"author":2,"featured_media":0,"comment_status":"closed","ping_status":"closed","sticky":false,"template":"","format":"standard","meta":[],"categories":[49],"tags":[],"_links":{"self":[{"href":"https:\/\/www.cronacaonline.it\/index.php\/wp-json\/wp\/v2\/posts\/102160"}],"collection":[{"href":"https:\/\/www.cronacaonline.it\/index.php\/wp-json\/wp\/v2\/posts"}],"about":[{"href":"https:\/\/www.cronacaonline.it\/index.php\/wp-json\/wp\/v2\/types\/post"}],"author":[{"embeddable":true,"href":"https:\/\/www.cronacaonline.it\/index.php\/wp-json\/wp\/v2\/users\/2"}],"replies":[{"embeddable":true,"href":"https:\/\/www.cronacaonline.it\/index.php\/wp-json\/wp\/v2\/comments?post=102160"}],"version-history":[{"count":0,"href":"https:\/\/www.cronacaonline.it\/index.php\/wp-json\/wp\/v2\/posts\/102160\/revisions"}],"wp:attachment":[{"href":"https:\/\/www.cronacaonline.it\/index.php\/wp-json\/wp\/v2\/media?parent=102160"}],"wp:term":[{"taxonomy":"category","embeddable":true,"href":"https:\/\/www.cronacaonline.it\/index.php\/wp-json\/wp\/v2\/categories?post=102160"},{"taxonomy":"post_tag","embeddable":true,"href":"https:\/\/www.cronacaonline.it\/index.php\/wp-json\/wp\/v2\/tags?post=102160"}],"curies":[{"name":"wp","href":"https:\/\/api.w.org\/{rel}","templated":true}]}}