{"id":102143,"date":"2013-01-07T17:20:39","date_gmt":"2013-01-07T16:20:39","guid":{"rendered":"http:\/\/www.cronacaonline.it\/public\/content\/index.php\/07\/01\/2013\/millumino-di-prosa-a-cagliari-qui-e-ora-di-mattia-torre-in-prima-nazionale-mercoledi-9-gennaio-al-teatro-massimo-con-valerio-mastandrea-e-valerio-aprea"},"modified":"2013-01-07T17:20:39","modified_gmt":"2013-01-07T16:20:39","slug":"millumino-di-prosa-a-cagliari-qui-e-ora-di-mattia-torre-in-prima-nazionale-mercoledi-9-gennaio-al-teatro-massimo-con-valerio-mastandrea-e-valerio-aprea","status":"publish","type":"post","link":"https:\/\/www.cronacaonline.it\/index.php\/2013\/01\/07\/millumino-di-prosa-a-cagliari-qui-e-ora-di-mattia-torre-in-prima-nazionale-mercoledi-9-gennaio-al-teatro-massimo-con-valerio-mastandrea-e-valerio-aprea\/","title":{"rendered":"M&#8217;Illumino di Prosa a Cagliari: Qui e Ora di Mattia Torre in prima nazionale mercoled\u00ec 9 gennaio al Teatro Massimo con Valerio Mastandrea e Valerio Aprea"},"content":{"rendered":"<p><B style=\"mso-bidi-font-weight: normal\">\"Qui e Ora\" - Tra Teatro e Cinema - il \"gioco\" della recitazione: Valerio Mastandrea&nbsp;e&nbsp;Valerio Aprea<SPAN style=\"mso-spacerun: yes\">&nbsp; <\/SPAN><\/B>protagonisti sulla scena in&nbsp;\"Qui e Ora\", inedita pi\u00e8ce scritta e diretta da&nbsp;Mattia Torre (che firma pure la regia) e prodotta da BAM Teatro, che debutter\u00e0&nbsp;&nbsp;in prima nazionale&nbsp;mercoled\u00ec 9 gennaio alle 20.45&nbsp;al Teatro Massimo di Cagliari per M'Illumino di Prosa\/ la stagione 2012-13 del CeDAC&nbsp;<\/p>\n<p>insieme&nbsp;&nbsp;al drammaturgo e regista&nbsp;Mattia Torre,&nbsp;parleranno del mestiere dell'attore e dell'interpretazione di un personaggio sul palco &nbsp;e davanti alla macchina da presa, nell'incontro - coordinato dal giornalista&nbsp;Francesco Abate&nbsp;e aperto al pubblico, con la partecipazione di studenti e docenti dell'ateneo - in programma Venerd\u00ec 11 gennaio alle 17.30 nell'Aula Magna del Corpo Aggiunto di Lettere e Filosofia, e organizzato in collaborazione con le Facolt\u00e0 di Lettere e Filosofia e &nbsp;di Lingue e Letterature Straniere dell'Universit\u00e0 degli Studi di Cagliari.<\/p>\n<p>Focus sull'arte della recitazione e su una professione affascinante e complicata come quella dell'attore, per un ideale viaggio dietro le quinte e sul set, quindi, &nbsp;in compagnia &nbsp;degli artisti, impegnati (fino a domenica 13 gennaio) nelle repliche dello spettacolo in cartellone al Massimo di Cagliari (e prossimamente in tourn\u00e9e nella Penisola)... un testo contemporaneo che affronta contraddizioni e inquietudini del presente con una cifra grottesca e amara e una trama... tutta da scoprire.<\/p>\n<p>L'appuntamento con Valerio Mastandrea e Valerio Aprea e con Mattia Torre e Francesco Abate &nbsp;- inizialmente previsto alla Mem-Mediateca del Mediterraneo &nbsp;- &nbsp;si trasferisce quindi all'Universit\u00e0, per un confronto e un dialogo con gli studenti e i docenti oltre che con spettatori e curiosi sul significato e i segreti del lavoro dell'attore.<\/p>\n<p>\"Qui e Ora\": una &nbsp;pi\u00e8ce originale&nbsp;- commissionata da Bam Teatro - per &nbsp;il ritorno sulla scena di&nbsp;Valerio Mastandrea&nbsp;(dopo il successo di \"Migliore\", monologo dello stesso Mattia Torre, del 2005), stavolta &nbsp;in coppia con&nbsp;Valerio Aprea&nbsp;( attore dal solido curriculum teatrale, dal Vantone a Momenti di trascurabile felicit\u00e0, e volto noto della tv con Boris e Parla con me). Visioni da periferia metropolitana e i segni di un incidente appena avvenuto per l'incontro-scontro tra due uomini, che \"\u00e8 solo l\u2019avvisaglia di una rivolta appena alle porte\"\u2026&nbsp;<\/p>\n<p>Parte da Cagliari e dalla Sardegna la tourn\u00e9e nazionale della nuova produzione della compagnia cagliaritana Bam Teatro con Vasquez y Pepita, per un ritratto corrosivo della tempo presente, un lucido e grottesco affresco della societ\u00e0, fra drammi personali e collettivi raccontati con sguardo disincantato e amara ironia.&nbsp;Com<\/p>\n","protected":false},"excerpt":{"rendered":"<p>&#8220;Qui e Ora&#8221; &#8211; Tra Teatro e Cinema &#8211; il &#8220;gioco&#8221; della recitazione: Valerio Mastandrea&nbsp;e&nbsp;Valerio Aprea&nbsp; protagonisti sulla scena in&nbsp;&#8220;Qui e Ora&#8221;, inedita pi\u00e8ce scritta&#8230;<\/p>\n","protected":false},"author":2,"featured_media":0,"comment_status":"closed","ping_status":"closed","sticky":false,"template":"","format":"standard","meta":[],"categories":[49],"tags":[],"_links":{"self":[{"href":"https:\/\/www.cronacaonline.it\/index.php\/wp-json\/wp\/v2\/posts\/102143"}],"collection":[{"href":"https:\/\/www.cronacaonline.it\/index.php\/wp-json\/wp\/v2\/posts"}],"about":[{"href":"https:\/\/www.cronacaonline.it\/index.php\/wp-json\/wp\/v2\/types\/post"}],"author":[{"embeddable":true,"href":"https:\/\/www.cronacaonline.it\/index.php\/wp-json\/wp\/v2\/users\/2"}],"replies":[{"embeddable":true,"href":"https:\/\/www.cronacaonline.it\/index.php\/wp-json\/wp\/v2\/comments?post=102143"}],"version-history":[{"count":0,"href":"https:\/\/www.cronacaonline.it\/index.php\/wp-json\/wp\/v2\/posts\/102143\/revisions"}],"wp:attachment":[{"href":"https:\/\/www.cronacaonline.it\/index.php\/wp-json\/wp\/v2\/media?parent=102143"}],"wp:term":[{"taxonomy":"category","embeddable":true,"href":"https:\/\/www.cronacaonline.it\/index.php\/wp-json\/wp\/v2\/categories?post=102143"},{"taxonomy":"post_tag","embeddable":true,"href":"https:\/\/www.cronacaonline.it\/index.php\/wp-json\/wp\/v2\/tags?post=102143"}],"curies":[{"name":"wp","href":"https:\/\/api.w.org\/{rel}","templated":true}]}}