{"id":102073,"date":"2013-01-08T17:20:39","date_gmt":"2013-01-08T16:20:39","guid":{"rendered":"http:\/\/www.cronacaonline.it\/public\/content\/index.php\/08\/01\/2013\/nuovo-prato-per-il-giardino-comunale-di-via-darwin-e-primo-caso-in-italia-un-parcheggio-pubblico-su-prato-e-non-su-asfalto"},"modified":"2013-01-08T17:20:39","modified_gmt":"2013-01-08T16:20:39","slug":"nuovo-prato-per-il-giardino-comunale-di-via-darwin-e-primo-caso-in-italia-un-parcheggio-pubblico-su-prato-e-non-su-asfalto","status":"publish","type":"post","link":"https:\/\/www.cronacaonline.it\/index.php\/2013\/01\/08\/nuovo-prato-per-il-giardino-comunale-di-via-darwin-e-primo-caso-in-italia-un-parcheggio-pubblico-su-prato-e-non-su-asfalto\/","title":{"rendered":"Nuovo prato per il giardino comunale di Via Darwin e primo caso in Italia, un parcheggio pubblico su prato e non su asfalto."},"content":{"rendered":"<p>Un nuovo prato per il giardino comunale di Via Darwin e, primo caso in Italia, un parcheggio pubblico su prato e non su asfalto. Sar\u00e0 un 2013 all'insegna del verde grazie soprattutto a due iniziative che saranno attivate a breve su approvazione del Servizio Ambiente, Parchi e Verde.<\/p>\n<p>A met\u00e0 gennaio si proceder\u00e0 con la semina di un nuovo prato autunno vernino che sar\u00e0 pronto e a disposizione dei cittadini a inizio primavera. Inevitabile qualche disagio durante il cantiere che porter\u00e0 alla chiusura al traffico della sola parte carrabile del giardino comunale di Via Darwin.<\/p>\n<p>Successivamente, nella prima met\u00e0 del mese di maggio prender\u00e0 forma l'altro innovativo progetto del Servizio Ambiente, Parchi e Verde che, nella stessa area, dar\u00e0 il via ai lavori di messa a dimora di un prato di macroterme. Con questo secondo intervento, che porter\u00e0 ad una chiusura per un massimo di sessanta giorni dell'area, prenderanno forma non solo le nuove zone verdi ma anche i parcheggi pubblici su prato e non su asfalto. Com<\/p>\n","protected":false},"excerpt":{"rendered":"<p>Un nuovo prato per il giardino comunale di Via Darwin e, primo caso in Italia, un parcheggio pubblico su prato e non su asfalto. Sar\u00e0&#8230;<\/p>\n","protected":false},"author":2,"featured_media":0,"comment_status":"closed","ping_status":"closed","sticky":false,"template":"","format":"standard","meta":[],"categories":[49],"tags":[],"_links":{"self":[{"href":"https:\/\/www.cronacaonline.it\/index.php\/wp-json\/wp\/v2\/posts\/102073"}],"collection":[{"href":"https:\/\/www.cronacaonline.it\/index.php\/wp-json\/wp\/v2\/posts"}],"about":[{"href":"https:\/\/www.cronacaonline.it\/index.php\/wp-json\/wp\/v2\/types\/post"}],"author":[{"embeddable":true,"href":"https:\/\/www.cronacaonline.it\/index.php\/wp-json\/wp\/v2\/users\/2"}],"replies":[{"embeddable":true,"href":"https:\/\/www.cronacaonline.it\/index.php\/wp-json\/wp\/v2\/comments?post=102073"}],"version-history":[{"count":0,"href":"https:\/\/www.cronacaonline.it\/index.php\/wp-json\/wp\/v2\/posts\/102073\/revisions"}],"wp:attachment":[{"href":"https:\/\/www.cronacaonline.it\/index.php\/wp-json\/wp\/v2\/media?parent=102073"}],"wp:term":[{"taxonomy":"category","embeddable":true,"href":"https:\/\/www.cronacaonline.it\/index.php\/wp-json\/wp\/v2\/categories?post=102073"},{"taxonomy":"post_tag","embeddable":true,"href":"https:\/\/www.cronacaonline.it\/index.php\/wp-json\/wp\/v2\/tags?post=102073"}],"curies":[{"name":"wp","href":"https:\/\/api.w.org\/{rel}","templated":true}]}}