{"id":102048,"date":"2013-01-04T17:20:39","date_gmt":"2013-01-04T16:20:39","guid":{"rendered":"http:\/\/www.cronacaonline.it\/public\/content\/index.php\/04\/01\/2013\/stangata-sulla-continuita-territoriale-il-vice-presidente-del-consiglio-regionale-michele-cossa-basta-con-le-proroghe-continue-che-penalizzano-i-sardi"},"modified":"2013-01-04T17:20:39","modified_gmt":"2013-01-04T16:20:39","slug":"stangata-sulla-continuita-territoriale-il-vice-presidente-del-consiglio-regionale-michele-cossa-basta-con-le-proroghe-continue-che-penalizzano-i-sardi","status":"publish","type":"post","link":"https:\/\/www.cronacaonline.it\/index.php\/2013\/01\/04\/stangata-sulla-continuita-territoriale-il-vice-presidente-del-consiglio-regionale-michele-cossa-basta-con-le-proroghe-continue-che-penalizzano-i-sardi\/","title":{"rendered":"Stangata sulla continuit\u00e0 territoriale, il vice presidente del Consiglio regionale Michele Cossa: basta con le proroghe continue che penalizzano i sardi"},"content":{"rendered":"<p>Basta con le proroghe continue che danneggiano i sardi e un sistema tariffario che scarica gli aumenti di carburante e di tasse sui passeggeri. Lo dice il vice presidente del Consiglio regionale e coordinatore regionale dei Riformatori sardi, Michele Cossa, intervenendo sulla stangata che colpir\u00e0 i passeggeri, costretti a pagare oltre al costo del biglietto in continuit\u00e0, anche gli aumenti sulle tasse aeroportuali ed eventualmente anche quelle sul carburante.<\/p>\n<p>\"Non \u00e8 accettabile - aggiunge Cossa - che si continui ad andare di proroga in proroga, penalizzando da ogni punto di vista i sardi, ostaggio dei capricci delle compagnie aeree, di aumenti degli oneri aeroportuali e di tasse varie\". Ecco perch\u00e9, dice ancora il coordinatore regionale dei Riformatori sardi, \"bisogna utilizzare il periodo che ci rimane da qui a ottobre, quando scadr\u00e0 questa ulteriore proroga, per avere un sistema di continuit\u00e0 territoriale aerea che stabilisca costi e tariffe strutturate in modo tale da non esporre i passeggeri da tutto ci\u00f2 che stiamo vedendo in queste settimane: aumenti dei costi dei biglietti, voli ridotti al minimo, aeroporti chiusi e disservizi\".<\/p>\n<p>Sul costo del biglietto, spiega Cossa, \"bisogna essere chiari e categorici: il costo deve essere quello stabilito e la Regione deve farsi carico degli eventuali aumenti automatici dovuti al carburante e alle tasse. Non possiamo permettere che i sardi paghino oltre quello che il bando e gli oneri di servizio pubblico stabiliscono\". Dunque, conclude il vice presidente del Consiglio regionale, \"\u00e8 necessario mettere mano subito al nuovo progetto di continuit\u00e0 territoriale, senza aspettare le ultime settimane, facendo una corsa contro il tempo, che pone le compagnie nella posizione di ricattare la Sardegna e si risolve sempre in un accordo al ribasso e a danno del diritto alla mobilit\u00e0 dei sardi\". Com<\/p>\n","protected":false},"excerpt":{"rendered":"<p>Basta con le proroghe continue che danneggiano i sardi e un sistema tariffario che scarica gli aumenti di carburante e di tasse sui passeggeri. Lo&#8230;<\/p>\n","protected":false},"author":2,"featured_media":0,"comment_status":"closed","ping_status":"closed","sticky":false,"template":"","format":"standard","meta":[],"categories":[49],"tags":[],"_links":{"self":[{"href":"https:\/\/www.cronacaonline.it\/index.php\/wp-json\/wp\/v2\/posts\/102048"}],"collection":[{"href":"https:\/\/www.cronacaonline.it\/index.php\/wp-json\/wp\/v2\/posts"}],"about":[{"href":"https:\/\/www.cronacaonline.it\/index.php\/wp-json\/wp\/v2\/types\/post"}],"author":[{"embeddable":true,"href":"https:\/\/www.cronacaonline.it\/index.php\/wp-json\/wp\/v2\/users\/2"}],"replies":[{"embeddable":true,"href":"https:\/\/www.cronacaonline.it\/index.php\/wp-json\/wp\/v2\/comments?post=102048"}],"version-history":[{"count":0,"href":"https:\/\/www.cronacaonline.it\/index.php\/wp-json\/wp\/v2\/posts\/102048\/revisions"}],"wp:attachment":[{"href":"https:\/\/www.cronacaonline.it\/index.php\/wp-json\/wp\/v2\/media?parent=102048"}],"wp:term":[{"taxonomy":"category","embeddable":true,"href":"https:\/\/www.cronacaonline.it\/index.php\/wp-json\/wp\/v2\/categories?post=102048"},{"taxonomy":"post_tag","embeddable":true,"href":"https:\/\/www.cronacaonline.it\/index.php\/wp-json\/wp\/v2\/tags?post=102048"}],"curies":[{"name":"wp","href":"https:\/\/api.w.org\/{rel}","templated":true}]}}