{"id":102026,"date":"2013-01-10T17:20:39","date_gmt":"2013-01-10T16:20:39","guid":{"rendered":"http:\/\/www.cronacaonline.it\/public\/content\/index.php\/10\/01\/2013\/epifani-nellagenda-monti-il-sud-non-ce"},"modified":"2013-01-10T17:20:39","modified_gmt":"2013-01-10T16:20:39","slug":"epifani-nellagenda-monti-il-sud-non-ce","status":"publish","type":"post","link":"https:\/\/www.cronacaonline.it\/index.php\/2013\/01\/10\/epifani-nellagenda-monti-il-sud-non-ce\/","title":{"rendered":"Epifani: &#8220;Nell&#8217;Agenda Monti il Sud non c&#8217;\u00e8&#8221;"},"content":{"rendered":"<p>\"Il Pd assume come priorit\u00e0 il&nbsp;lavoro, un tema che, in gran parte, coincide con la condizione&nbsp;meridionale, per quanto riguarda la disoccupazione e soprattutto quella giovanile. Altre agende, invece, come quella Monti,&nbsp;parlano poco del Sud. E non possiamo dimenticare che i governi&nbsp;Berlusconi lo hanno considerato come un peso e non come una&nbsp;risorsa\". A dirlo, in un'intervista al Mattino, l'ex segretario&nbsp;della Cgil Guglielmo Epifani, candidato Pd alla Camera in&nbsp;Campania.<\/p>\n<p>\"Ora - sostiene Epifani - bisogna indicare quegli strumenti e&nbsp;quei percorsi che evitino al Mezzogiorno di staccarsi dal resto&nbsp;d'Italia e dall'Europa\".<\/p>\n<p>Per Epifani stare nello stesso partito con l'ex direttore&nbsp;generale di Confindustria Giampaolo Galli non \u00e8 un problema.&nbsp;\"Parliamo del pi\u00f9 grande partito italiano, che, in quanto&nbsp;largo e inclusivo, opera per tenere insieme sensibilit\u00e0 e&nbsp;pluralismi\", osserva. \"Questo non vuol dire che il Pd sia&nbsp;agnostico. Il peso della rappresentanza del lavoro per un&nbsp;partito progressista \u00e8 fondamentale, ma ci sono anche altri ceti e settori a cui guardare con interesse\".<\/p>\n<p>\"Quella di fare una lista personale - dice - non \u00e8 una scelta&nbsp;nuova, ma \u00e8 in continuit\u00e0 con quella parte del vecchio che va&nbsp;cambiata. Il vero problema del sistema politico italiano \u00e8 che \u00e8&nbsp;permeato da populismi e formazioni personali&nbsp;antidemocratiche\". Inoltre \"Monti deve fare chiarezza: punta a&nbsp;rendere pi\u00f9 europeo il nostro sistema politico o a costruire un&nbsp;centro che, con il 10%, pensa di condizionare l'altro 90%? Tocca a lui chiarire agli elettori il rapporto tra programmi e&nbsp;alleanze, riconoscendo - conclude - che \u00e8 il mandato elettorale&nbsp;a definire maggioranze e governi\".<\/p>\n","protected":false},"excerpt":{"rendered":"<p>&#8220;Il Pd assume come priorit\u00e0 il&nbsp;lavoro, un tema che, in gran parte, coincide con la condizione&nbsp;meridionale, per quanto riguarda la disoccupazione e soprattutto quella giovanile.&#8230;<\/p>\n","protected":false},"author":2,"featured_media":0,"comment_status":"closed","ping_status":"closed","sticky":false,"template":"","format":"standard","meta":[],"categories":[49],"tags":[],"_links":{"self":[{"href":"https:\/\/www.cronacaonline.it\/index.php\/wp-json\/wp\/v2\/posts\/102026"}],"collection":[{"href":"https:\/\/www.cronacaonline.it\/index.php\/wp-json\/wp\/v2\/posts"}],"about":[{"href":"https:\/\/www.cronacaonline.it\/index.php\/wp-json\/wp\/v2\/types\/post"}],"author":[{"embeddable":true,"href":"https:\/\/www.cronacaonline.it\/index.php\/wp-json\/wp\/v2\/users\/2"}],"replies":[{"embeddable":true,"href":"https:\/\/www.cronacaonline.it\/index.php\/wp-json\/wp\/v2\/comments?post=102026"}],"version-history":[{"count":0,"href":"https:\/\/www.cronacaonline.it\/index.php\/wp-json\/wp\/v2\/posts\/102026\/revisions"}],"wp:attachment":[{"href":"https:\/\/www.cronacaonline.it\/index.php\/wp-json\/wp\/v2\/media?parent=102026"}],"wp:term":[{"taxonomy":"category","embeddable":true,"href":"https:\/\/www.cronacaonline.it\/index.php\/wp-json\/wp\/v2\/categories?post=102026"},{"taxonomy":"post_tag","embeddable":true,"href":"https:\/\/www.cronacaonline.it\/index.php\/wp-json\/wp\/v2\/tags?post=102026"}],"curies":[{"name":"wp","href":"https:\/\/api.w.org\/{rel}","templated":true}]}}