{"id":102022,"date":"2013-01-16T17:20:39","date_gmt":"2013-01-16T16:20:39","guid":{"rendered":"http:\/\/www.cronacaonline.it\/public\/content\/index.php\/16\/01\/2013\/il-comune-pensa-al-suo-futuro-nonostante-lo-stop-allerogazione-dei-contributi-regionali-per-gli-studenti-di-scuola-media-inferiore-e-superiore-15mila-euro-in-borse-di-studio"},"modified":"2013-01-16T17:20:39","modified_gmt":"2013-01-16T16:20:39","slug":"il-comune-pensa-al-suo-futuro-nonostante-lo-stop-allerogazione-dei-contributi-regionali-per-gli-studenti-di-scuola-media-inferiore-e-superiore-15mila-euro-in-borse-di-studio","status":"publish","type":"post","link":"https:\/\/www.cronacaonline.it\/index.php\/2013\/01\/16\/il-comune-pensa-al-suo-futuro-nonostante-lo-stop-allerogazione-dei-contributi-regionali-per-gli-studenti-di-scuola-media-inferiore-e-superiore-15mila-euro-in-borse-di-studio\/","title":{"rendered":"Il Comune pensa al suo \u201cfuturo\u201d nonostante lo stop all&#8217;erogazione dei contributi regionali: per gli studenti di scuola media inferiore e superiore 15mila euro in borse di studio"},"content":{"rendered":"<p>L'Amministrazione comunale di Nulvi e il sindaco Mario Buscarinu comunicano che con delibera di giunta \u00e8 stata stanziata l'importante somma di 15mila euro per l'assegnazione di borse di studio di importo variabile (per reddito e merito) destinate a studenti capaci e meritevoli frequentanti le scuole secondarie di primo e secondo grado.<\/p>\n<p>Il Comune di Nulvi, nonostante la Regione Sardegna abbia sospeso l'erogazione dei contributi in materia per l'anno 2012, ha deciso con convinzione di confermare come in passato lo stanziamento destinato alle borse di studio (15mila euro suddivisi in 5mila per le scuole medie inferiore e 10mila per quelle superiori), scommettendo senza esitazioni sul suo futuro e sui suoi ragazzi, il domani della comunit\u00e0 nulvese. Sul sito del Comune di Nulvi \u00e8 gi\u00e0 possibile scaricare il bando di partecipazione con tutti i dettagli riguardo la presentazione e la deliberazione in merito. Le domande dovranno essere redatte sugli appositi moduli predisposti dall'Ufficio Istruzione del Comune e presentate dai genitori, dagli esercenti la patria potest\u00e0 o dagli studenti stessi<SPAN style=\"mso-spacerun: yes\">&nbsp; <\/SPAN>entro il termine inderogabile del 15 febbraio 2012.<\/p>\n<p>I ragazzi che presenteranno domanda per la borsa di studio dovranno essere in possesso dei seguenti requisiti: residenza nel Comune di Nulvi, promozione all'anno scolastico successivo con valutazione media finale non inferiore al 7.5 (escluso il voto in religione), Isee (situazione economica equivalente rilasciata nel 2012 e riferita al 2011 non superiore ai 20mila euro annui. I richiedenti dovranno inoltre confermare di non aver beneficiato di analoghi sussidi elargiti da altri Enti, organismi o associazioni pubbliche o private. Com<\/p>\n","protected":false},"excerpt":{"rendered":"<p>L&#8217;Amministrazione comunale di Nulvi e il sindaco Mario Buscarinu comunicano che con delibera di giunta \u00e8 stata stanziata l&#8217;importante somma di 15mila euro per l&#8217;assegnazione&#8230;<\/p>\n","protected":false},"author":2,"featured_media":0,"comment_status":"closed","ping_status":"closed","sticky":false,"template":"","format":"standard","meta":[],"categories":[49],"tags":[],"_links":{"self":[{"href":"https:\/\/www.cronacaonline.it\/index.php\/wp-json\/wp\/v2\/posts\/102022"}],"collection":[{"href":"https:\/\/www.cronacaonline.it\/index.php\/wp-json\/wp\/v2\/posts"}],"about":[{"href":"https:\/\/www.cronacaonline.it\/index.php\/wp-json\/wp\/v2\/types\/post"}],"author":[{"embeddable":true,"href":"https:\/\/www.cronacaonline.it\/index.php\/wp-json\/wp\/v2\/users\/2"}],"replies":[{"embeddable":true,"href":"https:\/\/www.cronacaonline.it\/index.php\/wp-json\/wp\/v2\/comments?post=102022"}],"version-history":[{"count":0,"href":"https:\/\/www.cronacaonline.it\/index.php\/wp-json\/wp\/v2\/posts\/102022\/revisions"}],"wp:attachment":[{"href":"https:\/\/www.cronacaonline.it\/index.php\/wp-json\/wp\/v2\/media?parent=102022"}],"wp:term":[{"taxonomy":"category","embeddable":true,"href":"https:\/\/www.cronacaonline.it\/index.php\/wp-json\/wp\/v2\/categories?post=102022"},{"taxonomy":"post_tag","embeddable":true,"href":"https:\/\/www.cronacaonline.it\/index.php\/wp-json\/wp\/v2\/tags?post=102022"}],"curies":[{"name":"wp","href":"https:\/\/api.w.org\/{rel}","templated":true}]}}