{"id":101966,"date":"2013-01-07T17:20:39","date_gmt":"2013-01-07T16:20:39","guid":{"rendered":"http:\/\/www.cronacaonline.it\/public\/content\/index.php\/07\/01\/2013\/vendola-noi-siamo-con-il-popolo"},"modified":"2013-01-07T17:20:39","modified_gmt":"2013-01-07T16:20:39","slug":"vendola-noi-siamo-con-il-popolo","status":"publish","type":"post","link":"https:\/\/www.cronacaonline.it\/index.php\/2013\/01\/07\/vendola-noi-siamo-con-il-popolo\/","title":{"rendered":"Vendola: noi siamo con il popolo"},"content":{"rendered":"<\/p>\n<p>Il Pdl \"un horror, a volte ritornano\". Mario Monti \"chiuso nel segreto delle stanze\" del potere. Sel e Pd invece \"con il popolo\", a cominciare dalla scelta dei candidati con le primarie. E' il panorama politico visto da Nichi Vendola, ospite di Uno Mattina su Rai Uno.<\/p>\n<p>L'ipotesi di un ticket Monti-Bersani&nbsp;\u00e8 \"spaventosa\", afferma il leader di Sel Nichi Vendola, che commenta cos\u00ec, lo scenario nel quale si dovesse arrivare a un'intesa fra le forze centriste e il Pd a causa dell'esito incerto del voto.<\/p>\n<p>\"I progressisti - dice Vendola - si candidano per vincere\" e comunque il dibattito sugli scenari post voto e il rischio che il Pd e gli alleati non abbiamo la maggioranza \"\u00e8 comico\". L'obiettivo&nbsp;\u00e8 \"salvare l'Italia e Monti e Casini in realt\u00e0 propongono alla sinistra una resa\".<\/p>\n<p>\"Tagliare le ali significa fare della politica una palude, facendo finta che ci sia una contesa\", dice Nichi Vendola. \"Monti si presenta come un nuovo classico vecchio politico: chiunque vinca, tanto vincono sempre quelli della razza di Mario Monti, la razza padrona\". Cos\u00ec il leader di Sel, Nichi Vendola a Unomattina.<\/p>\n<p>Il risultato raggiunto da Silvio Berlusconi con l'accordo con la Lega di stanotte&nbsp;\u00e8 \"abbastanza evidente. Berlusconi decide da perdente di mettere insieme tutte le forze della destra populista: la Lega, la Destra di storace, ci\u00f2 che resta del Pdl. La destra si&nbsp;\u00e8 spaccata: quella pi\u00f9 europeista e presentabile va con Monti, quella pi\u00f9 viscerale e beduina va con Berlusconi\". Lo ha detto Nichi Vendola, ospite di Unomattina.<\/p>\n<p>Stavolta la questione non&nbsp;\u00e8 quella di \"far piangere\" nessuno. Nichi Vendola, dallo studio di Uno Mattina usa parole severe commentando la vicenda Depardieu e allarga il discorso spiegando, a proposito delle maxi aliquote che hanno fatto fuggire l'attore francese in Russia, che \"i super ricchi devono andare al diavolo, e Putin ha le sembianze del diavolo\". \"Monti - dice tornando alle vicende di casa nostra - ha avuto il coraggio relativo di bussare alle porte dei soliti noti e invece quando si&nbsp;\u00e8 trattato di chiedere un contributo ai pi\u00f9 ricchi ha detto che era 'tecnicamente complicato', perch\u00e9 \u00e8 tecnicamente di destra e ritiene che ontologicamente i sacrifici tocchino sempre ai pi\u00f9 deboli\".<\/p>\n","protected":false},"excerpt":{"rendered":"<p>Il Pdl &#8220;un horror, a volte ritornano&#8221;. Mario Monti &#8220;chiuso nel segreto delle stanze&#8221; del potere. Sel e Pd invece &#8220;con il popolo&#8221;, a cominciare&#8230;<\/p>\n","protected":false},"author":2,"featured_media":0,"comment_status":"closed","ping_status":"closed","sticky":false,"template":"","format":"standard","meta":[],"categories":[49],"tags":[],"_links":{"self":[{"href":"https:\/\/www.cronacaonline.it\/index.php\/wp-json\/wp\/v2\/posts\/101966"}],"collection":[{"href":"https:\/\/www.cronacaonline.it\/index.php\/wp-json\/wp\/v2\/posts"}],"about":[{"href":"https:\/\/www.cronacaonline.it\/index.php\/wp-json\/wp\/v2\/types\/post"}],"author":[{"embeddable":true,"href":"https:\/\/www.cronacaonline.it\/index.php\/wp-json\/wp\/v2\/users\/2"}],"replies":[{"embeddable":true,"href":"https:\/\/www.cronacaonline.it\/index.php\/wp-json\/wp\/v2\/comments?post=101966"}],"version-history":[{"count":0,"href":"https:\/\/www.cronacaonline.it\/index.php\/wp-json\/wp\/v2\/posts\/101966\/revisions"}],"wp:attachment":[{"href":"https:\/\/www.cronacaonline.it\/index.php\/wp-json\/wp\/v2\/media?parent=101966"}],"wp:term":[{"taxonomy":"category","embeddable":true,"href":"https:\/\/www.cronacaonline.it\/index.php\/wp-json\/wp\/v2\/categories?post=101966"},{"taxonomy":"post_tag","embeddable":true,"href":"https:\/\/www.cronacaonline.it\/index.php\/wp-json\/wp\/v2\/tags?post=101966"}],"curies":[{"name":"wp","href":"https:\/\/api.w.org\/{rel}","templated":true}]}}