{"id":101919,"date":"2013-01-04T17:20:39","date_gmt":"2013-01-04T16:20:39","guid":{"rendered":"http:\/\/www.cronacaonline.it\/public\/content\/index.php\/04\/01\/2013\/novita-per-tutti-i-naviganti-del-web-due-compagnie-un-unico-sito-web"},"modified":"2013-01-04T17:20:39","modified_gmt":"2013-01-04T16:20:39","slug":"novita-per-tutti-i-naviganti-del-web-due-compagnie-un-unico-sito-web","status":"publish","type":"post","link":"https:\/\/www.cronacaonline.it\/index.php\/2013\/01\/04\/novita-per-tutti-i-naviganti-del-web-due-compagnie-un-unico-sito-web\/","title":{"rendered":"Novit\u00e0 per tutti i naviganti del web: due compagnie, un unico sito web"},"content":{"rendered":"<p>Continua il processo di integrazione delle due compagnie aeree e dal&nbsp;<A title=\"file:\/\/\/x-apple-data-detectors\/::2&#10;x-apple-data-detectors:\/\/2\/\" href=\"file:\/\/\/x-apple-data-detectors\/::2\"><FONT color=#0000ff>4 gennaio<\/FONT><\/A>&nbsp;entrambi i link permetteranno di accedere ad un' unica piattaforma on line.<\/p>\n<p>I clienti che navigano sul sito del Gruppo potranno non solo acquistare il biglietto aereo Meridiana fly e Air Italy, &nbsp;ma anche effettuare il web check-in e ottenere la propria carta d'imbarco con <ST1:PERSONNAME w:st=\"on\" ProductID=\"codice a\">codice a<\/ST1:PERSONNAME> barre utilizzabile anche su smartphone e tablet, avere accesso alla propria prenotazione e ai servizi connessi, bloccare la tariffa con un piccolo supplemento, riservare i propri posti seat-com, accedere alle tariffe Premium che offrono molteplici vantaggi per chi vuole viaggiare con flessibilit\u00e0, sottoscrivere assicurazioni on line, prevedere il trasporto di bagagli speciali e di kili in eccesso e molto altro ancora.<\/p>\n<p>\"Prosegue il progetto iniziato da pi\u00f9 di anno\"- afferma Gianni Perniceni, responsabile distribuzione, e-commerce e vendite dirette del Gruppo- &nbsp;\"Progetto di re-volution on line che ha gi\u00e0 visto alcuni frutti nel corso dell' anno appena concluso: a partire dal successo delle promozioni web based come &nbsp;quelle a tempo, \"Click. Partenza. Via, o dell'ultima iniziativa proposta a dicembre, \"<ST1:PERSONNAME w:st=\"on\" ProductID=\"Mai dire Maya\">Mai dire Maya<\/ST1:PERSONNAME>\", che ha riscosso una risposta dei clienti oltre le aspettative, per arrivare alle attivit\u00e0 di engagement sui social network tra le quali, il concorso Re-evolution facebook lanciato lo scorso ottobre e che ci ha portato oltre 15.000 nuovi entusiasti fan. Sono solo alcuni esempi che ci confermano che&nbsp;il percorso di innovazione e semplificazione intrapreso \u00e8 premiante. In sintesi, apriamo il 2013 con unico sito web per le 2 compagnie, ma \u00e8 solo l'inizio di una serie di novit\u00e0 che arriveranno nel 2013, novit\u00e0 &nbsp;per i clienti che acquistano direttamente on line e mobile, ma anche per chi tutti i giorni propone i nostri prodotti e servizi sul mercato: le agenzie viaggio\".&nbsp;Com-red<\/p>\n","protected":false},"excerpt":{"rendered":"<p>Continua il processo di integrazione delle due compagnie aeree e dal&nbsp;4 gennaio&nbsp;entrambi i link permetteranno di accedere ad un&#8217; unica piattaforma on line. I clienti&#8230;<\/p>\n","protected":false},"author":2,"featured_media":0,"comment_status":"closed","ping_status":"closed","sticky":false,"template":"","format":"standard","meta":[],"categories":[49],"tags":[],"_links":{"self":[{"href":"https:\/\/www.cronacaonline.it\/index.php\/wp-json\/wp\/v2\/posts\/101919"}],"collection":[{"href":"https:\/\/www.cronacaonline.it\/index.php\/wp-json\/wp\/v2\/posts"}],"about":[{"href":"https:\/\/www.cronacaonline.it\/index.php\/wp-json\/wp\/v2\/types\/post"}],"author":[{"embeddable":true,"href":"https:\/\/www.cronacaonline.it\/index.php\/wp-json\/wp\/v2\/users\/2"}],"replies":[{"embeddable":true,"href":"https:\/\/www.cronacaonline.it\/index.php\/wp-json\/wp\/v2\/comments?post=101919"}],"version-history":[{"count":0,"href":"https:\/\/www.cronacaonline.it\/index.php\/wp-json\/wp\/v2\/posts\/101919\/revisions"}],"wp:attachment":[{"href":"https:\/\/www.cronacaonline.it\/index.php\/wp-json\/wp\/v2\/media?parent=101919"}],"wp:term":[{"taxonomy":"category","embeddable":true,"href":"https:\/\/www.cronacaonline.it\/index.php\/wp-json\/wp\/v2\/categories?post=101919"},{"taxonomy":"post_tag","embeddable":true,"href":"https:\/\/www.cronacaonline.it\/index.php\/wp-json\/wp\/v2\/tags?post=101919"}],"curies":[{"name":"wp","href":"https:\/\/api.w.org\/{rel}","templated":true}]}}