{"id":101916,"date":"2013-01-15T17:20:39","date_gmt":"2013-01-15T16:20:39","guid":{"rendered":"http:\/\/www.cronacaonline.it\/public\/content\/index.php\/15\/01\/2013\/stintino-contest-tappa-del-campionato-zonale-di-aicw-appuntamento-nel-fine-settimana-di-pasqua"},"modified":"2013-01-15T17:20:39","modified_gmt":"2013-01-15T16:20:39","slug":"stintino-contest-tappa-del-campionato-zonale-di-aicw-appuntamento-nel-fine-settimana-di-pasqua","status":"publish","type":"post","link":"https:\/\/www.cronacaonline.it\/index.php\/2013\/01\/15\/stintino-contest-tappa-del-campionato-zonale-di-aicw-appuntamento-nel-fine-settimana-di-pasqua\/","title":{"rendered":"Stintino Contest tappa del campionato zonale di Aicw: appuntamento nel fine settimana di Pasqua."},"content":{"rendered":"<p>Verso la quarta edizione dello Stintino Contest con la tappa zonale del campionato Aicw. \u00c8 questa la novit\u00e0 per l\u2019edizione 2013 del raduno di windsurf, kite e sup in programma a Stintino nel fine settimana di Pasqua. Anche quest\u2019anno Stintino Contest promette divertimento ai tanti sportivi che stanno gi\u00e0 pensando di partecipare all\u2019attesissimo appuntamento sulla spiaggia della Pelosa di Stintino.<\/p>\n<p>Gli organizzatori della Pubblicitas-Mec3 Sport, che di recente hanno incassato l\u2019interesse del Comune di Stintino per la realizzazione della quarta edizione dell\u2019evento, prevedono di allestire un campo di regata che a seconda delle condizioni meteo permetter\u00e0 di disputare prove di slalom, ins&amp;out, long distance, freestyle e wave.<\/p>\n<p>Cos\u00ec come nella seconda edizione dello Swk, anche a Stintino sar\u00e0 proposto il progetto EcovelaPlay. Una gara di raccolta rifiuti differenziati come vetro, plastica, carta, indifferenziata. \u00abAbbiamo gi\u00e0 coinvolto il Comune per sensibilizzare i bambini delle scuole \u2013 afferma Giacomo Sanna della Pubblicitas-Mec3 Sport \u2013 e contiamo che tutti gli atleti vorranno dare un esempio pratico di difesa del nostro territorio. Fare surf tra i rifiuti non piace a nessuno e noi dobbiamo essere i primi a non sporcare le spiagge, le pinete e il mare\u00bb.<\/p>\n<p>L\u2019arrivo degli atleti \u00e8 previsto per il 30 marzo, in concomitanza appunto con la gara di Ecovela Play (dalle ore 10 alle 12). Quindi alle 16 si dar\u00e0 il via alle registrazioni. Domenica 31 marzo sar\u00e0 aperto il villaggio dello Stintino Contest sulla spiaggia del Gabbiano e, compatibilmente con le condizioni meteo, si svolgeranno prove di slalom, ins&amp;out, wave, freestyle.<\/p>\n<p>Domenica \u00e8 prevista anche la tappa zonale del campionato Aicw.<\/p>\n<p>L\u2019ultimo giorno, luned\u00ec 1\u00b0 aprile, sempre compatibilmente con le condizioni meteo, ancora altre prove di slalom, ins&amp;out, wave, freestyle, quindi in serata le premiazioni e i saluti.<\/p>\n<p>A dare pi\u00f9 gusto alla manifestazione sar\u00e0 un nuovo partner locale che offrir\u00e0 men\u00f9 tipici sardi. Anche quest\u2019anno saranno presenti gli stand della Rrd, della White Reeef, della Challenger, di Al360, quindi di Decathlon, AutoA Fiat, Ichnusa e Vigne Collina del Vento. Com<\/p>\n","protected":false},"excerpt":{"rendered":"<p>Verso la quarta edizione dello Stintino Contest con la tappa zonale del campionato Aicw. \u00c8 questa la novit\u00e0 per l\u2019edizione 2013 del raduno di windsurf,&#8230;<\/p>\n","protected":false},"author":2,"featured_media":0,"comment_status":"closed","ping_status":"closed","sticky":false,"template":"","format":"standard","meta":[],"categories":[49],"tags":[],"_links":{"self":[{"href":"https:\/\/www.cronacaonline.it\/index.php\/wp-json\/wp\/v2\/posts\/101916"}],"collection":[{"href":"https:\/\/www.cronacaonline.it\/index.php\/wp-json\/wp\/v2\/posts"}],"about":[{"href":"https:\/\/www.cronacaonline.it\/index.php\/wp-json\/wp\/v2\/types\/post"}],"author":[{"embeddable":true,"href":"https:\/\/www.cronacaonline.it\/index.php\/wp-json\/wp\/v2\/users\/2"}],"replies":[{"embeddable":true,"href":"https:\/\/www.cronacaonline.it\/index.php\/wp-json\/wp\/v2\/comments?post=101916"}],"version-history":[{"count":0,"href":"https:\/\/www.cronacaonline.it\/index.php\/wp-json\/wp\/v2\/posts\/101916\/revisions"}],"wp:attachment":[{"href":"https:\/\/www.cronacaonline.it\/index.php\/wp-json\/wp\/v2\/media?parent=101916"}],"wp:term":[{"taxonomy":"category","embeddable":true,"href":"https:\/\/www.cronacaonline.it\/index.php\/wp-json\/wp\/v2\/categories?post=101916"},{"taxonomy":"post_tag","embeddable":true,"href":"https:\/\/www.cronacaonline.it\/index.php\/wp-json\/wp\/v2\/tags?post=101916"}],"curies":[{"name":"wp","href":"https:\/\/api.w.org\/{rel}","templated":true}]}}