{"id":101901,"date":"2013-01-09T17:20:39","date_gmt":"2013-01-09T16:20:39","guid":{"rendered":"http:\/\/www.cronacaonline.it\/public\/content\/index.php\/09\/01\/2013\/elezioni-politiche-di-febbraio-liste-pd-la-sardegna-in-fermento-per-le-esclusioni-e-le-imposizioni-romane-di-gente-che-i-sardi-non-conoscono"},"modified":"2013-01-09T17:20:39","modified_gmt":"2013-01-09T16:20:39","slug":"elezioni-politiche-di-febbraio-liste-pd-la-sardegna-in-fermento-per-le-esclusioni-e-le-imposizioni-romane-di-gente-che-i-sardi-non-conoscono","status":"publish","type":"post","link":"https:\/\/www.cronacaonline.it\/index.php\/2013\/01\/09\/elezioni-politiche-di-febbraio-liste-pd-la-sardegna-in-fermento-per-le-esclusioni-e-le-imposizioni-romane-di-gente-che-i-sardi-non-conoscono\/","title":{"rendered":"Elezioni politiche di Febbraio: Liste Pd, la Sardegna in fermento per le esclusioni e le imposizioni romane di gente che i sardi non conoscono."},"content":{"rendered":"<p><P style=\"MARGIN: 0cm 0cm 10pt\" class=MsoNormal>Sarebbe saltata l\u2019intesa sulle liste di Camera e Senato tra il segretario del Pd sardo Silvio Lai e Pierluigi Bersani. Infatti, la presunta rottura \u00e8 arrivata dopo una riunione di oltre un'ora a Roma con la delegazione sarda della direzione nazionale<\/p>\n<p>Non vengono per<SPAN style=\"mso-spacerun: yes\">&nbsp; <\/SPAN>nulla digerite le presenze di Luigi Manconi, quarto al Senato e di un non meglio identificato candidato alla Camera (sempre al quarto posto), e, quindi, si rischia di far uscire Gavino Manca e Paolo Fadda dai sicuri eletti. Per questo fatto la consigliere regionale Francesca Barracciu afferma che si tratta di \"una porcata peggio del porcellum\".<\/p>\n<p>Secondo uno schema, tutto ancora da accertare, alla Camera sarebbe capolista il segretario del Sulcis, Emanuele Cani, in quota nazionale, mentre al Senato il segretario regionale, Silvio Lai, che (\u00e8 stato fatto trapelare ma certamente non sacrificher\u00e0 i suo destino per salvare quello di altri) potrebbe non essere pi\u00f9 disponibile dopo il disaccordo con Roma.<\/p>\n<p>In questo modo a rischio per la Camera ci sarebbe il renziano Gavino Manca (che risulterebbe nono in lista) mentre per il Senato l'uscente Paolo Fadda (forse quinto in lista). Nel frattempo la base del Pd sardo, non solo quella del Sulcis, \u00e8 pronta alla mobilitazione e a non partecipare ad una campagna elettorale che non sia rispettosa dell'esito delle primarie.<\/p>\n<p>Ci sono delle ragioni che hanno determinato le proteste del Pd sardo: intanto la presenza del sociologo sassarese Luigi Manconi, quarto al Senato, e un volto sconosciuto alla Camera - la lista ufficiale della Camera approvata ieri nella capitale recita testualmente, al quarto posto, \"nazionale altri partiti\". Che significa: un socialista: forse - corre voce - Bobo Craxi, oppure l\u2019assurdo, con Claudio Martelli che in Sardegna certamente non prender\u00e0 molti voti. Quindi per Gavino Manca e Paolo Fadda, entrambi considerati gi\u00e0 eletti sin dalle primarie, <SPAN style=\"mso-spacerun: yes\">&nbsp;<\/SPAN>se messi tra i penultimi, la loro elezione \u00e8 poco probabile, cosa comunque i sardi non notteranno certamente visto lo scarso valore romano che Fadda ha avuto a Roma nella sua legislatura e che certamente i sardi in generale non sentiranno la sua mancanza dallo scranno degli \u2018schiscia button\u2019 come lo sono stati i parlamentari in questi ultimi anni che non hanno fatto nulla per l\u2019isola e i suoi abitanti. <\/p>\n","protected":false},"excerpt":{"rendered":"<p>Sarebbe saltata l\u2019intesa sulle liste di Camera e Senato tra il segretario del Pd sardo Silvio Lai e Pierluigi Bersani. Infatti, la presunta rottura \u00e8&#8230;<\/p>\n","protected":false},"author":2,"featured_media":0,"comment_status":"closed","ping_status":"closed","sticky":false,"template":"","format":"standard","meta":[],"categories":[49],"tags":[],"_links":{"self":[{"href":"https:\/\/www.cronacaonline.it\/index.php\/wp-json\/wp\/v2\/posts\/101901"}],"collection":[{"href":"https:\/\/www.cronacaonline.it\/index.php\/wp-json\/wp\/v2\/posts"}],"about":[{"href":"https:\/\/www.cronacaonline.it\/index.php\/wp-json\/wp\/v2\/types\/post"}],"author":[{"embeddable":true,"href":"https:\/\/www.cronacaonline.it\/index.php\/wp-json\/wp\/v2\/users\/2"}],"replies":[{"embeddable":true,"href":"https:\/\/www.cronacaonline.it\/index.php\/wp-json\/wp\/v2\/comments?post=101901"}],"version-history":[{"count":0,"href":"https:\/\/www.cronacaonline.it\/index.php\/wp-json\/wp\/v2\/posts\/101901\/revisions"}],"wp:attachment":[{"href":"https:\/\/www.cronacaonline.it\/index.php\/wp-json\/wp\/v2\/media?parent=101901"}],"wp:term":[{"taxonomy":"category","embeddable":true,"href":"https:\/\/www.cronacaonline.it\/index.php\/wp-json\/wp\/v2\/categories?post=101901"},{"taxonomy":"post_tag","embeddable":true,"href":"https:\/\/www.cronacaonline.it\/index.php\/wp-json\/wp\/v2\/tags?post=101901"}],"curies":[{"name":"wp","href":"https:\/\/api.w.org\/{rel}","templated":true}]}}