{"id":101860,"date":"2013-01-21T17:20:39","date_gmt":"2013-01-21T16:20:39","guid":{"rendered":"http:\/\/www.cronacaonline.it\/public\/content\/index.php\/21\/01\/2013\/pregiudicato-disoccupato-arrestato-dai-carabinieri-per-furto"},"modified":"2013-01-21T17:20:39","modified_gmt":"2013-01-21T16:20:39","slug":"pregiudicato-disoccupato-arrestato-dai-carabinieri-per-furto","status":"publish","type":"post","link":"https:\/\/www.cronacaonline.it\/index.php\/2013\/01\/21\/pregiudicato-disoccupato-arrestato-dai-carabinieri-per-furto\/","title":{"rendered":"Pregiudicato disoccupato arrestato dai carabinieri per furto"},"content":{"rendered":"<p><B style=\"mso-bidi-font-weight: normal\"><SPAN style=\"FONT-FAMILY: 'Calibri','sans-serif'; FONT-SIZE: 14pt; mso-bidi-font-family: Calibri\"><\/SPAN><\/B><\/p>\n<p><SPAN style=\"FONT-FAMILY: 'Calibri','sans-serif'; FONT-SIZE: 14pt; mso-bidi-font-family: Calibri\">Nella tarda mattinata di sabato scorso, i Carabinieri della Stazione di Arborea hanno tratto in arresto in flagranza del reato di furto, <\/SPAN><B><SPAN style=\"FONT-FAMILY: 'Calibri-Bold','sans-serif'; FONT-SIZE: 14pt; mso-bidi-font-family: Calibri-Bold\">Francesco Usai<\/SPAN><\/B><SPAN style=\"FONT-FAMILY: 'Calibri','sans-serif'; FONT-SIZE: 14pt; mso-bidi-font-family: Calibri\">, di 53 anni, disoccupato, residente a Nurachi.<\/SPAN><\/p>\n<p><SPAN style=\"FONT-FAMILY: 'Calibri','sans-serif'; FONT-SIZE: 14pt; mso-bidi-font-family: Calibri\"><\/SPAN><SPAN style=\"FONT-FAMILY: 'Calibri','sans-serif'; FONT-SIZE: 14pt; mso-bidi-font-family: Calibri\">Il pregiudicato, a seguito di segnalazione telefonica giunta al 112 da parte del parroco della chiesa Santissimo Redentore di Arborea, Don <\/SPAN><B><SPAN style=\"FONT-FAMILY: 'Calibri-Bold','sans-serif'; FONT-SIZE: 14pt; mso-bidi-font-family: Calibri-Bold\">Silvio Foddis, dopo il <\/SPAN><\/B><SPAN style=\"FONT-FAMILY: 'Calibri','sans-serif'; FONT-SIZE: 14pt; mso-bidi-font-family: Calibri\">tempestivo intervento di una pattuglia della Stazione cc del paese, \u00e8 stato bloccato il presunto ladro perch\u00e9 sorpreso all\u2019interno della chiesa mentre stava scassinando, con l\u2019ausilio di un grosso cacciavite e di robuste forbici in acciaio, un contenitore per le offerte del presepe natalizio.<\/SPAN><\/p>\n<p><SPAN style=\"FONT-FAMILY: 'Calibri','sans-serif'; FONT-SIZE: 14pt; mso-bidi-font-family: Calibri\"><\/SPAN><SPAN style=\"FONT-FAMILY: 'Calibri','sans-serif'; FONT-SIZE: 14pt; mso-bidi-font-family: Calibri\">All\u2019arrivo dei militari aveva gi\u00e0 incamerato nello zaino circa 80 euro su un totale di <\/SPAN><SPAN style=\"FONT-FAMILY: 'Calibri','sans-serif'; FONT-SIZE: 14pt; mso-bidi-font-family: Calibri\">circa 250 presenti all\u2019interno della cassetta.<\/SPAN><\/p>\n<p><SPAN style=\"FONT-FAMILY: 'Calibri','sans-serif'; FONT-SIZE: 14pt; mso-bidi-font-family: Calibri\"><\/SPAN><SPAN style=\"FONT-FAMILY: 'Calibri','sans-serif'; FONT-SIZE: 14pt; mso-bidi-font-family: Calibri\">L\u2019uomo \u00e8 stato quindi bloccato, dichiarato in arresto e dopo le formalit\u00e0 di rito \u00e8 stato accompagnato, in regime degli arresti domiciliari, presso la propria abitazione dove \u00e8 rimasto a disposizione dell\u2019A.G. di Oristano, sino al processo per direttissima che si terr\u00e0 oggi. <\/SPAN><\/p>\n","protected":false},"excerpt":{"rendered":"<p>Nella tarda mattinata di sabato scorso, i Carabinieri della Stazione di Arborea hanno tratto in arresto in flagranza del reato di furto, Francesco Usai, di&#8230;<\/p>\n","protected":false},"author":2,"featured_media":0,"comment_status":"closed","ping_status":"closed","sticky":false,"template":"","format":"standard","meta":[],"categories":[49],"tags":[],"_links":{"self":[{"href":"https:\/\/www.cronacaonline.it\/index.php\/wp-json\/wp\/v2\/posts\/101860"}],"collection":[{"href":"https:\/\/www.cronacaonline.it\/index.php\/wp-json\/wp\/v2\/posts"}],"about":[{"href":"https:\/\/www.cronacaonline.it\/index.php\/wp-json\/wp\/v2\/types\/post"}],"author":[{"embeddable":true,"href":"https:\/\/www.cronacaonline.it\/index.php\/wp-json\/wp\/v2\/users\/2"}],"replies":[{"embeddable":true,"href":"https:\/\/www.cronacaonline.it\/index.php\/wp-json\/wp\/v2\/comments?post=101860"}],"version-history":[{"count":0,"href":"https:\/\/www.cronacaonline.it\/index.php\/wp-json\/wp\/v2\/posts\/101860\/revisions"}],"wp:attachment":[{"href":"https:\/\/www.cronacaonline.it\/index.php\/wp-json\/wp\/v2\/media?parent=101860"}],"wp:term":[{"taxonomy":"category","embeddable":true,"href":"https:\/\/www.cronacaonline.it\/index.php\/wp-json\/wp\/v2\/categories?post=101860"},{"taxonomy":"post_tag","embeddable":true,"href":"https:\/\/www.cronacaonline.it\/index.php\/wp-json\/wp\/v2\/tags?post=101860"}],"curies":[{"name":"wp","href":"https:\/\/api.w.org\/{rel}","templated":true}]}}