{"id":101838,"date":"2013-01-09T17:20:38","date_gmt":"2013-01-09T16:20:38","guid":{"rendered":"http:\/\/www.cronacaonline.it\/public\/content\/index.php\/09\/01\/2013\/confcommercio-consumi-sempre-piu-giu-mai-cosi-giu-nel-dopoguerra"},"modified":"2013-01-09T17:20:38","modified_gmt":"2013-01-09T16:20:38","slug":"confcommercio-consumi-sempre-piu-giu-mai-cosi-giu-nel-dopoguerra","status":"publish","type":"post","link":"https:\/\/www.cronacaonline.it\/index.php\/2013\/01\/09\/confcommercio-consumi-sempre-piu-giu-mai-cosi-giu-nel-dopoguerra\/","title":{"rendered":"Confcommercio: consumi sempre pi\u00f9 gi\u00f9, mai cos\u00ec gi\u00f9 nel dopoguerra"},"content":{"rendered":"<p>Il 2012 sar\u00e0 ricordato come l'anno pi\u00f9&nbsp;difficile per i consumi del secondo dopoguerra. Lo sottolinea la&nbsp;Confcommercio: il suo indicatore de consumi registra per novembre una diminuzione del 2,9% in termini tendenziali ed una flessione&nbsp;dello 0,1% rispetto al mese precedente.<\/p>\n<p><SPAN style=\"mso-spacerun: yes\">&nbsp;<\/SPAN>I dati dell'indicatore dei consumi relativi ai primi 11 mesi&nbsp;segnano un -2,9% rispetto all'analogo periodo del 2011, e&nbsp;\"mostrano con una certa evidenza - rileva Confcommercio - come il&nbsp;2012 si avvii ad essere ricordato come l'anno pi\u00f9 difficile per i consumi del secondo dopoguerra. La riduzione \u00e8 la pi\u00f9&nbsp;elevata registrata dall'inizio delle serie storiche\".<\/p>\n<p>Per Confcommercio \"il permanere di&nbsp;dinamiche congiunturali negative, anche nei mesi finali&nbsp;dell'anno, continua a segnalare, unitamente agli altri indicatori&nbsp;congiunturali, come la crisi sia ancora ben presente all'interno&nbsp;del sistema economico. Difficilmente la nostra economia, ed i&nbsp;consumi in particolare, potranno cominciare a mostrare, nel breve periodo, segnali di un significativo miglioramento\".<\/p>\n<p>La dinamica tendenziale dell'indicatore dei consumi di novembre&nbsp;riflette una diminuzione del 3,6% della domanda relativa ai&nbsp;servizi e del 2,7% della spesa per i beni. In un contesto che ha&nbsp;registrato per la quasi totalit\u00e0 dei beni e servizi una pesante&nbsp;riduzione delle quantit\u00e0 acquistate dalle famiglie, rispetto&nbsp;all'analogo mese del 2011, l'unico segmento che continua a&nbsp;mostrare, nel confronto tendenziale, una dinamica positiva nel \u00e8&nbsp;quello relativo ai beni e servizi per le comunicazioni. I beni e&nbsp;servizi per la cura della persona mostrano una domanda stabile,&nbsp;dinamica dovuta alla spese per la salute, servizi e prodotti.&nbsp;<\/p>\n","protected":false},"excerpt":{"rendered":"<p>Il 2012 sar\u00e0 ricordato come l&#8217;anno pi\u00f9&nbsp;difficile per i consumi del secondo dopoguerra. Lo sottolinea la&nbsp;Confcommercio: il suo indicatore de consumi registra per novembre una&#8230;<\/p>\n","protected":false},"author":2,"featured_media":0,"comment_status":"closed","ping_status":"closed","sticky":false,"template":"","format":"standard","meta":[],"categories":[49],"tags":[],"_links":{"self":[{"href":"https:\/\/www.cronacaonline.it\/index.php\/wp-json\/wp\/v2\/posts\/101838"}],"collection":[{"href":"https:\/\/www.cronacaonline.it\/index.php\/wp-json\/wp\/v2\/posts"}],"about":[{"href":"https:\/\/www.cronacaonline.it\/index.php\/wp-json\/wp\/v2\/types\/post"}],"author":[{"embeddable":true,"href":"https:\/\/www.cronacaonline.it\/index.php\/wp-json\/wp\/v2\/users\/2"}],"replies":[{"embeddable":true,"href":"https:\/\/www.cronacaonline.it\/index.php\/wp-json\/wp\/v2\/comments?post=101838"}],"version-history":[{"count":0,"href":"https:\/\/www.cronacaonline.it\/index.php\/wp-json\/wp\/v2\/posts\/101838\/revisions"}],"wp:attachment":[{"href":"https:\/\/www.cronacaonline.it\/index.php\/wp-json\/wp\/v2\/media?parent=101838"}],"wp:term":[{"taxonomy":"category","embeddable":true,"href":"https:\/\/www.cronacaonline.it\/index.php\/wp-json\/wp\/v2\/categories?post=101838"},{"taxonomy":"post_tag","embeddable":true,"href":"https:\/\/www.cronacaonline.it\/index.php\/wp-json\/wp\/v2\/tags?post=101838"}],"curies":[{"name":"wp","href":"https:\/\/api.w.org\/{rel}","templated":true}]}}