{"id":101822,"date":"2013-01-22T17:20:38","date_gmt":"2013-01-22T16:20:38","guid":{"rendered":"http:\/\/www.cronacaonline.it\/public\/content\/index.php\/22\/01\/2013\/lavoro-agenzia-regione-esposto-su-blocco-rete-voucher"},"modified":"2013-01-22T17:20:38","modified_gmt":"2013-01-22T16:20:38","slug":"lavoro-agenzia-regione-esposto-su-blocco-rete-voucher","status":"publish","type":"post","link":"https:\/\/www.cronacaonline.it\/index.php\/2013\/01\/22\/lavoro-agenzia-regione-esposto-su-blocco-rete-voucher\/","title":{"rendered":"Lavoro: agenzia regione, esposto su blocco rete voucher"},"content":{"rendered":"<p>Il Direttore dell\u2019Agenzia regionale per il lavoro, Stefano Tunis, in accordo con il Presidente della Regione Ugo Cappellacci, ha presentato lo scorso 17 gennaio un atto di querela&nbsp;(registrato con il numero di protocollo 1843\/2013)&nbsp;alla Procura della Repubblica.<\/p>\n<p>Nel testo dell\u2019esposto il Direttore ripercorre le fasi della giornata del 15 gennaio 2013. In particolare si legge nella denuncia\u201c a seguito di numerose segnalazioni da parte di utenti che avevano difficolt\u00e0 di accesso al sito, abbiamo ritenuto di informare gli stessi di quanto stava succedendo, in base alle informazioni ovviamente disponibili in quel momento, invitandoli a continuare ad inviare i progetti\u201d.<\/p>\n<p>\u201cQuelli che da una prima analisi sono parsi tentativi di violazione, infatti, hanno solamente comportato un \u201caffaticamento\u201d dell\u2019accesso alla rete. Tale rallentamento non ha, tuttavia, compromesso la regolarit\u00e0 delle procedure, tanto \u00e8 vero che il primo progetto \u00e8 stato presentato alle 10:14, alle 10:36 erano stati presentati i primi cento progetti e, con un trand costante di 100 progetti ogni 7 minuti, l\u2019ultimo \u00e8 stato presentato alle 12 e 11\u201d.<\/p>\n<p>Lo scopo dell\u2019esposto \u00e8 quello di essere certi che non si siano configurati reati penalmente rilevanti, quali accesso abusivo ad un sistema informativo (615 ter codice penale) o frode informatica (640 ter codice penale).<\/p>\n","protected":false},"excerpt":{"rendered":"<p>Il Direttore dell\u2019Agenzia regionale per il lavoro, Stefano Tunis, in accordo con il Presidente della Regione Ugo Cappellacci, ha presentato lo scorso 17 gennaio un&#8230;<\/p>\n","protected":false},"author":2,"featured_media":0,"comment_status":"closed","ping_status":"closed","sticky":false,"template":"","format":"standard","meta":[],"categories":[49],"tags":[],"_links":{"self":[{"href":"https:\/\/www.cronacaonline.it\/index.php\/wp-json\/wp\/v2\/posts\/101822"}],"collection":[{"href":"https:\/\/www.cronacaonline.it\/index.php\/wp-json\/wp\/v2\/posts"}],"about":[{"href":"https:\/\/www.cronacaonline.it\/index.php\/wp-json\/wp\/v2\/types\/post"}],"author":[{"embeddable":true,"href":"https:\/\/www.cronacaonline.it\/index.php\/wp-json\/wp\/v2\/users\/2"}],"replies":[{"embeddable":true,"href":"https:\/\/www.cronacaonline.it\/index.php\/wp-json\/wp\/v2\/comments?post=101822"}],"version-history":[{"count":0,"href":"https:\/\/www.cronacaonline.it\/index.php\/wp-json\/wp\/v2\/posts\/101822\/revisions"}],"wp:attachment":[{"href":"https:\/\/www.cronacaonline.it\/index.php\/wp-json\/wp\/v2\/media?parent=101822"}],"wp:term":[{"taxonomy":"category","embeddable":true,"href":"https:\/\/www.cronacaonline.it\/index.php\/wp-json\/wp\/v2\/categories?post=101822"},{"taxonomy":"post_tag","embeddable":true,"href":"https:\/\/www.cronacaonline.it\/index.php\/wp-json\/wp\/v2\/tags?post=101822"}],"curies":[{"name":"wp","href":"https:\/\/api.w.org\/{rel}","templated":true}]}}