{"id":101818,"date":"2013-01-10T17:20:38","date_gmt":"2013-01-10T16:20:38","guid":{"rendered":"http:\/\/www.cronacaonline.it\/public\/content\/index.php\/10\/01\/2013\/monti-non-sono-la-stampella-di-nessuno"},"modified":"2013-01-10T17:20:38","modified_gmt":"2013-01-10T16:20:38","slug":"monti-non-sono-la-stampella-di-nessuno","status":"publish","type":"post","link":"https:\/\/www.cronacaonline.it\/index.php\/2013\/01\/10\/monti-non-sono-la-stampella-di-nessuno\/","title":{"rendered":"Monti: &#8216;Non sono la stampella di nessuno&#8217;"},"content":{"rendered":"<p>Mario Monti non cambia strategia elettorale: si guarda bene - ovviamente - dall'aprire all'ipotesi di una alleanza post elettorale con i Democratici: ma \u00e8 una ragione tattica, visto che correrebbe il rischio di perdere l'elettorato moderato di centrodestra. Prova ne \u00e8 il fatto che il professore evita con cura di attaccare frontalmente il segretario del Pd, privilegiando come bersagli il Cavaliere, il leader di Sel e Cgil. \"Mi sembra prematuro\" parlare di alleanze con il Pd dopo il voto o di un governo Monti-Bersani, si schermisce ai microfoni di Radio Monte Carlo.<\/p>\n<p>Prima ci si deve concentrare sui \"problemi\" del Paese e solo \"successivamente\" sulle alleanze. Un tema che lo porta ad evidenziare le contraddizioni nello schieramento di centrosinistra: \"E' molto importante che spieghiamo bene cosa vogliamo fare e che lo faccia anche il Pd\", rileva il premier, rimarcando quanto diverse siano le sensibilit\u00e0 su temi come le infrastrutture, l'energia, la Tav e il Fiscal Compact. Basta prendere la mia Agenda: \"c'\u00e8 chi, come Vendola, \u00e8 totalmente contrario; chi, come Bersani, \u00e8 disposto a prendere alcune parti; e infine ci sono i 'montiani'...\".<\/p>\n<p>Chiarisce ancora meglio la sua posizione parlando della disoccupazione giovanile, che reputa una \"infamia\". Per ridurla, spiega, occorrono competitivit\u00e0, infrastrutture, politiche nazionali adeguate. Ma, aggiunge con l'ennesima stoccata a Sel e Cgil, c'\u00e8 chi si \u00e8' \"opposto\" ad accordi sindacali moderni e alla costruzioni di grandi opere. Per questo \"voglio creare una formazione di riformatori e non mi importa niente che vengano da destra o dalla sinistra basta che smettano di bloccare il cambiamento\". Come esempio cita il \"tridente\" che schierer\u00e0 in Lombardia: Ichino, Albertini, Mauro. Candidature che simboleggiano perfettamente il tentativo di andare oltre gli schieramenti.<\/p>\n<p>Anche se la 'sua' lista, Scelta Civica, sar\u00e0 composta esclusivamente dalla societ\u00e0 civile: come la scienziata Ilaria Capua o Annalisa Minetti. Lista che pare abbia sollevato qualche irritazione tra i suoi alleati. Se a sinistra non le manda a dire, a destra lancia vere e proprio bordate. Rispedisce al mittente l'accusa di Angelino Alfano di essere la \"stampella\" di Bersani: \"Spero semmai di essere la scala di ingresso della societ\u00e0' civile italiana\". Ma \u00e8 contro Berlusconi che lancia le frecce pi\u00f9 velenose: \"Spero che non abbia speranze\" di vittoria, afferma.<\/p>\n<p>Poi si chiede come mai, se ha le idee cos\u00ec chiare su cosa si dovrebbe fare, non lo abbia fatto lui \"otto degli ultimi undici anni\" in cui ha governato. Quanto all'accusa di aver guidato un governo \"tragico\", la sua replica \u00e8 sprezzante: \"Bisogna che l'onorevole Berlusconi si stabilizzi un po\u2019 \u201c visto che pochi mesi fa mi proponeva come federatore del centrodestra. \"Che si fissasse un po' meglio le idee\", sospira il professore.<\/p>\n<p>Da candidato di una \"forza politica\", come chiama (per la prima volta) la sua lista civica, pu\u00f2 finalmente togliersi le \"scarpette da danza classica\" che ha dovuto tenere per 13 mesi, camminando su un campo \"minato\" dove ogni sua dichiarazione rischiava di far \"saltare\" il governo. Quanto al programma in caso di vittoria, Monti dice di voler \"approfondire\" la possibilit\u00e0 di detrarre fiscalmente quelle spese, dall'idraulico al commercialista, che faciliterebbero il rilascio di ricevute fiscali; ripresenterebbe i tagli alle province bloccati dai partiti e farebbe \"di tutto\" per evitare un rincaro dell'Iva a luglio. Nega, infine, di aver ironizzato sulla statura di Renato Brunetta: \"E' grottesco solo pensarlo\", dice.<\/p>\n","protected":false},"excerpt":{"rendered":"<p>Mario Monti non cambia strategia elettorale: si guarda bene &#8211; ovviamente &#8211; dall&#8217;aprire all&#8217;ipotesi di una alleanza post elettorale con i Democratici: ma \u00e8 una&#8230;<\/p>\n","protected":false},"author":2,"featured_media":0,"comment_status":"closed","ping_status":"closed","sticky":false,"template":"","format":"standard","meta":[],"categories":[49],"tags":[],"_links":{"self":[{"href":"https:\/\/www.cronacaonline.it\/index.php\/wp-json\/wp\/v2\/posts\/101818"}],"collection":[{"href":"https:\/\/www.cronacaonline.it\/index.php\/wp-json\/wp\/v2\/posts"}],"about":[{"href":"https:\/\/www.cronacaonline.it\/index.php\/wp-json\/wp\/v2\/types\/post"}],"author":[{"embeddable":true,"href":"https:\/\/www.cronacaonline.it\/index.php\/wp-json\/wp\/v2\/users\/2"}],"replies":[{"embeddable":true,"href":"https:\/\/www.cronacaonline.it\/index.php\/wp-json\/wp\/v2\/comments?post=101818"}],"version-history":[{"count":0,"href":"https:\/\/www.cronacaonline.it\/index.php\/wp-json\/wp\/v2\/posts\/101818\/revisions"}],"wp:attachment":[{"href":"https:\/\/www.cronacaonline.it\/index.php\/wp-json\/wp\/v2\/media?parent=101818"}],"wp:term":[{"taxonomy":"category","embeddable":true,"href":"https:\/\/www.cronacaonline.it\/index.php\/wp-json\/wp\/v2\/categories?post=101818"},{"taxonomy":"post_tag","embeddable":true,"href":"https:\/\/www.cronacaonline.it\/index.php\/wp-json\/wp\/v2\/tags?post=101818"}],"curies":[{"name":"wp","href":"https:\/\/api.w.org\/{rel}","templated":true}]}}