{"id":101817,"date":"2013-01-04T17:20:38","date_gmt":"2013-01-04T16:20:38","guid":{"rendered":"http:\/\/www.cronacaonline.it\/public\/content\/index.php\/04\/01\/2013\/sanita-influenza-h1n1-nessun-rischio-di-pandemia-in-sardegna-definiti-protocolli-operativi"},"modified":"2013-01-04T17:20:38","modified_gmt":"2013-01-04T16:20:38","slug":"sanita-influenza-h1n1-nessun-rischio-di-pandemia-in-sardegna-definiti-protocolli-operativi","status":"publish","type":"post","link":"https:\/\/www.cronacaonline.it\/index.php\/2013\/01\/04\/sanita-influenza-h1n1-nessun-rischio-di-pandemia-in-sardegna-definiti-protocolli-operativi\/","title":{"rendered":"Sanit\u00e0, influenza h1n1: nessun rischio di pandemia in Sardegna; definiti protocolli operativi"},"content":{"rendered":"<p>In Sardegna non esiste alcun rischio di pandemia o epidemia da influenza H1N1 e la Regione \u00e8 attrezzata per la diagnosi e l\u2019eventuale cura dei pazienti. \u00c8 normale che il ceppo sia riapparso, dato che circola dal 2009, e la sua virulenza \u00e8 pari o anche inferiore rispetto ad altri tipi di influenza che stanno circolando in queste settimane anche nell\u2019Isola. In ogni caso, il vaccino in distribuzione dal 2010 ed \u00e8 raccomandabile assumerlo soprattutto se si fa parte di una categoria di quelle considerate a rischio (cardiopatici, anziani, bambini).<\/p>\n<p>Elementi sono emersi durante la riunione a Cagliari che l\u2019assessore regionale della Sanit\u00e0 Simona De Francisci ha convocato per fare il punto sulla situazione dopo che \u00e8 stato accertato che il paziente di Tortol\u00ec \u00e8 affetto dall\u2019influenza H1N1. All\u2019incontro hanno preso parte medici, esperti e i vertici dell\u2019Azienda sanitaria 4 di Lanusei, del Brotzu e delle Aziende ospedaliero-universitarie di Cagliari e Sassari.<\/p>\n<p>La riunione \u00e8 servita per stabilire le modalit\u00e0 operative di intervento se dovessero verificarsi altri casi. \u201cSiamo attrezzati non solo per affrontare l\u2019emergenza che al momento non esiste \u2013 ha puntualizzato l\u2019assessore De Francisci \u2013 ma anche per i casi meno gravi che potranno essere gestiti dalla Asl di Sassari e dal Brotzu di Cagliari. Inoltre, viste le competenze presenti, siamo in grado di effettuare una diagnosi in poche ore\u201d.<\/p>\n<p>L\u2019assessore ha poi voluto lanciare un appello alla popolazione e ai medici di base: \u201cPer evitare di intasare i Pronto soccorso, specie quelli di periferia, \u00e8 necessario prima rivolgersi al proprio medico di famiglia all\u2019insorgenza di sintomi influenzali. Sar\u00e0 lui poi a verificare l\u2019eventualit\u00e0 di contattare l\u2019ospedale di riferimento\u201d.<\/p>\n<p>Intanto, si \u00e8 saputo che il paziente ogliastrino sta meglio e nel suo caso, vista la gravit\u00e0 delle condizioni e il rapido decorso della malattia, sono stati applicati i protocolli previsti, inviandolo a Milano, che assieme a Palermo \u00e8 uno dei due centri nazionali di referenza.<\/p>\n","protected":false},"excerpt":{"rendered":"<p>In Sardegna non esiste alcun rischio di pandemia o epidemia da influenza H1N1 e la Regione \u00e8 attrezzata per la diagnosi e l\u2019eventuale cura dei&#8230;<\/p>\n","protected":false},"author":2,"featured_media":0,"comment_status":"closed","ping_status":"closed","sticky":false,"template":"","format":"standard","meta":[],"categories":[49],"tags":[],"_links":{"self":[{"href":"https:\/\/www.cronacaonline.it\/index.php\/wp-json\/wp\/v2\/posts\/101817"}],"collection":[{"href":"https:\/\/www.cronacaonline.it\/index.php\/wp-json\/wp\/v2\/posts"}],"about":[{"href":"https:\/\/www.cronacaonline.it\/index.php\/wp-json\/wp\/v2\/types\/post"}],"author":[{"embeddable":true,"href":"https:\/\/www.cronacaonline.it\/index.php\/wp-json\/wp\/v2\/users\/2"}],"replies":[{"embeddable":true,"href":"https:\/\/www.cronacaonline.it\/index.php\/wp-json\/wp\/v2\/comments?post=101817"}],"version-history":[{"count":0,"href":"https:\/\/www.cronacaonline.it\/index.php\/wp-json\/wp\/v2\/posts\/101817\/revisions"}],"wp:attachment":[{"href":"https:\/\/www.cronacaonline.it\/index.php\/wp-json\/wp\/v2\/media?parent=101817"}],"wp:term":[{"taxonomy":"category","embeddable":true,"href":"https:\/\/www.cronacaonline.it\/index.php\/wp-json\/wp\/v2\/categories?post=101817"},{"taxonomy":"post_tag","embeddable":true,"href":"https:\/\/www.cronacaonline.it\/index.php\/wp-json\/wp\/v2\/tags?post=101817"}],"curies":[{"name":"wp","href":"https:\/\/api.w.org\/{rel}","templated":true}]}}