{"id":101815,"date":"2013-01-09T17:20:38","date_gmt":"2013-01-09T16:20:38","guid":{"rendered":"http:\/\/www.cronacaonline.it\/public\/content\/index.php\/09\/01\/2013\/carceri-35-detenuti-a-sdr-massama-e-un-lager-meglio-pena-morte"},"modified":"2013-01-09T17:20:38","modified_gmt":"2013-01-09T16:20:38","slug":"carceri-35-detenuti-a-sdr-massama-e-un-lager-meglio-pena-morte","status":"publish","type":"post","link":"https:\/\/www.cronacaonline.it\/index.php\/2013\/01\/09\/carceri-35-detenuti-a-sdr-massama-e-un-lager-meglio-pena-morte\/","title":{"rendered":"Carceri: 35 detenuti a Sdr \u201cMassama \u00e8 un lager, meglio pena morte\u201d"},"content":{"rendered":"<p>\u201cQuesto non \u00e8 un carcere ma un lager creato per spersonalizzare il detenuto non per prepararlo a un graduale reinserimento nella societ\u00e0. Si parla tanto di regimi duri per mafiosi, ma qui il regime punitivo lo subiamo noi\u201d. Sono le parole di trentacinque detenuti del carcere di Oristano \u2013 Massama \u201cSalvatore Soro\u201d che hanno fatto pervenire una lettera all\u2019associazione \u201cSocialismo Diritti Riforme\u201d rappresentando la realt\u00e0 detentiva nella struttura penitenziaria inaugurata alla fine di novembre e gi\u00e0 sottoposta a pesanti lavori di restauro.<\/p>\n<p>\u201cLe nuove strutture penitenziarie hanno necessit\u00e0 \u2013 osserva la presidente di SdR Maria Grazia Caligaris \u2013 di un opportuno periodo di rodaggio durante il quale testare i dispositivi di sicurezza e quelli relativi alla vita comune come le cucine, le docce, i servizi igienici, i dispositivi elettrici nonch\u00e9 l\u2019organizzazione interna con un numero adeguato di Agenti di Polizia Penitenziaria e di operatori. Per mettere in moto e gestire una struttura cos\u00ec complessa e delicata sono necessarie progettualit\u00e0 e gradualit\u00e0 che poco si conciliano con un\u2019assurda approssimazione che crea soltanto gravi difficolt\u00e0. La pretesa urgenza di aprire la struttura per rimediare ai danni del sovraffollamento e della vetust\u00e0 del carcere di piazza Mannu ha determinato gravi disagi non solo ai detenuti e a tutti gli operatori ma anche ai familiari dei ristretti doppiamente penalizzati dalle difficolt\u00e0 per raggiungere un carcere costruito volutamente in una zona isolata.&nbsp;&nbsp;La macchina quindi non funziona e nascondere la realt\u00e0 non giova\u201d.<\/p>\n<p>\u201cQui \u2013 viene precisato dai firmatari della missiva \u2013 si trovano persone che devono scontare 10 giorni, alcuni mesi o qualche anno insieme ad altre che hanno alle spalle oltre 35 anni di reclusione. Non esiste la socializzazione n\u00e9 nelle celle n\u00e9 nell\u2019apposita saletta. Non funziona la palestra n\u00e9 il campo sportivo n\u00e9 \u00e8 possibile svolgere alcuna attivit\u00e0 ginnica. Perfino il cibo \u00e8 scarso e per dotarsi di qualche tegame si devono fare acrobazie. La situazione \u00e8 ancora pi\u00f9 critica relativamente al vestiario che \u00e8 ridotto allo stretto necessario e chi non ha colloqui con i familiari non pu\u00f2 neanche lavarsi i panni in quanto \u00e8 vietato stenderli. Le porte delle celle sono sempre chiuse e spesso vengono chiusi gli spioncini. Anche le docce funzionano solo a tratti e cos\u00ec il riscaldamento.<\/p>\n<p>Insomma \u00e8 vero che il carcere \u00e8 aperto da poco tempo ma noi non abbiamo colpa e non abbiamo chiesto noi il trasferimento a Oristano. E\u2019 assurdo infine \u2013 conclude la lettera \u2013 che non si possano acquistare prodotti per la pulizia delle celle. Se queste sono le condizioni in cui siamo costretti a sopravvive allora \u00e8 meglio che venga ripristinata la pena di morte\u201d. Com<\/p>\n","protected":false},"excerpt":{"rendered":"<p>\u201cQuesto non \u00e8 un carcere ma un lager creato per spersonalizzare il detenuto non per prepararlo a un graduale reinserimento nella societ\u00e0. Si parla tanto&#8230;<\/p>\n","protected":false},"author":2,"featured_media":0,"comment_status":"closed","ping_status":"closed","sticky":false,"template":"","format":"standard","meta":[],"categories":[49],"tags":[],"_links":{"self":[{"href":"https:\/\/www.cronacaonline.it\/index.php\/wp-json\/wp\/v2\/posts\/101815"}],"collection":[{"href":"https:\/\/www.cronacaonline.it\/index.php\/wp-json\/wp\/v2\/posts"}],"about":[{"href":"https:\/\/www.cronacaonline.it\/index.php\/wp-json\/wp\/v2\/types\/post"}],"author":[{"embeddable":true,"href":"https:\/\/www.cronacaonline.it\/index.php\/wp-json\/wp\/v2\/users\/2"}],"replies":[{"embeddable":true,"href":"https:\/\/www.cronacaonline.it\/index.php\/wp-json\/wp\/v2\/comments?post=101815"}],"version-history":[{"count":0,"href":"https:\/\/www.cronacaonline.it\/index.php\/wp-json\/wp\/v2\/posts\/101815\/revisions"}],"wp:attachment":[{"href":"https:\/\/www.cronacaonline.it\/index.php\/wp-json\/wp\/v2\/media?parent=101815"}],"wp:term":[{"taxonomy":"category","embeddable":true,"href":"https:\/\/www.cronacaonline.it\/index.php\/wp-json\/wp\/v2\/categories?post=101815"},{"taxonomy":"post_tag","embeddable":true,"href":"https:\/\/www.cronacaonline.it\/index.php\/wp-json\/wp\/v2\/tags?post=101815"}],"curies":[{"name":"wp","href":"https:\/\/api.w.org\/{rel}","templated":true}]}}