{"id":101804,"date":"2013-01-21T17:20:38","date_gmt":"2013-01-21T16:20:38","guid":{"rendered":"http:\/\/www.cronacaonline.it\/public\/content\/index.php\/21\/01\/2013\/scuola-sdr-regione-e-sindaci-chiedano-deroga-a-iscrizioni-online"},"modified":"2013-01-21T17:20:38","modified_gmt":"2013-01-21T16:20:38","slug":"scuola-sdr-regione-e-sindaci-chiedano-deroga-a-iscrizioni-online","status":"publish","type":"post","link":"https:\/\/www.cronacaonline.it\/index.php\/2013\/01\/21\/scuola-sdr-regione-e-sindaci-chiedano-deroga-a-iscrizioni-online\/","title":{"rendered":"Scuola: Sdr, regione e sindaci chiedano deroga a iscrizioni online"},"content":{"rendered":"<p>\u201cE\u2019 indispensabile che le amministrazioni comunali compiano uno sforzo per mettere a disposizione delle famiglie un servizio telematico per le iscrizioni alle scuole primarie e secondarie. Altrimenti c\u2019\u00e8 il rischio di compromettere il diritto all\u2019istruzione. In alternativa i Sindaci dei Comuni sardi e&nbsp;la Regione&nbsp;chiedano una deroga affinch\u00e9 si proceda gradualmente. Un\u2019azione congiunta potrebbe avere un esito positivo\u201d. Lo sostiene Maria Grazia Caligaris, presidente dell\u2019associazione \u201cSocialismo Diritti Riforme\u201d, sottolineando che \u201cle scuole difficilmente saranno in grado da sole di fornire un supporto adeguato in quanto il personale amministrativo \u00e8 stato ridotto all\u2019osso. Il Ministero non pu\u00f2 fare le nozze con i fichi secchi\u201d.<\/p>\n<p>\u201cLa situazione appare particolarmente critica in Sardegna \u2013 sottolinea Caligaris \u2013 considerando le condizioni socio-economiche di molte famiglie che non solo non dispongono del computer e del collegamento a internet ma neppure dei mezzi per raggiungere soprattutto gli Istituti superiori ubicati in centri distanti dai luoghi di residenza. C\u2019\u00e8 poi il problema del lavoro. Chi \u00e8 impegnato in attivit\u00e0 lavorative, anche se con modesti salari, non sempre ha l\u2019opportunit\u00e0 di chiedere un permesso per recarsi nella sede scolastica\u201d.<\/p>\n<p>\u201cIl Ministero sembra non rendersi conto \u2013 rileva la presidente di SdR \u2013 delle oggettive difficolt\u00e0 che comporta una scelta cos\u00ec esclusiva. Dimentica infatti che una fetta della popolazione ha un basso livello di scolarizzazione e ha difficolt\u00e0 anche ad accedere alle informazioni. Nella nostra isola inoltre esiste ormai un\u2019emergenza sociale per gli altissimi livelli di disoccupazione che non pu\u00f2 essere ignorata\u201d.<\/p>\n<p>\u201cOccorre quindi far sentire la voce delle istituzioni locali \u2013 conclude Caligaris \u2013 per evitare la desertificazione scolastica con gravissime conseguenze per i nostri giovani e le loro famiglie\u201d. Com<\/p>\n","protected":false},"excerpt":{"rendered":"<p>\u201cE\u2019 indispensabile che le amministrazioni comunali compiano uno sforzo per mettere a disposizione delle famiglie un servizio telematico per le iscrizioni alle scuole primarie e&#8230;<\/p>\n","protected":false},"author":2,"featured_media":0,"comment_status":"closed","ping_status":"closed","sticky":false,"template":"","format":"standard","meta":[],"categories":[49],"tags":[],"_links":{"self":[{"href":"https:\/\/www.cronacaonline.it\/index.php\/wp-json\/wp\/v2\/posts\/101804"}],"collection":[{"href":"https:\/\/www.cronacaonline.it\/index.php\/wp-json\/wp\/v2\/posts"}],"about":[{"href":"https:\/\/www.cronacaonline.it\/index.php\/wp-json\/wp\/v2\/types\/post"}],"author":[{"embeddable":true,"href":"https:\/\/www.cronacaonline.it\/index.php\/wp-json\/wp\/v2\/users\/2"}],"replies":[{"embeddable":true,"href":"https:\/\/www.cronacaonline.it\/index.php\/wp-json\/wp\/v2\/comments?post=101804"}],"version-history":[{"count":0,"href":"https:\/\/www.cronacaonline.it\/index.php\/wp-json\/wp\/v2\/posts\/101804\/revisions"}],"wp:attachment":[{"href":"https:\/\/www.cronacaonline.it\/index.php\/wp-json\/wp\/v2\/media?parent=101804"}],"wp:term":[{"taxonomy":"category","embeddable":true,"href":"https:\/\/www.cronacaonline.it\/index.php\/wp-json\/wp\/v2\/categories?post=101804"},{"taxonomy":"post_tag","embeddable":true,"href":"https:\/\/www.cronacaonline.it\/index.php\/wp-json\/wp\/v2\/tags?post=101804"}],"curies":[{"name":"wp","href":"https:\/\/api.w.org\/{rel}","templated":true}]}}