{"id":101781,"date":"2013-01-22T17:20:38","date_gmt":"2013-01-22T16:20:38","guid":{"rendered":"http:\/\/www.cronacaonline.it\/public\/content\/index.php\/22\/01\/2013\/pietro-pittalis-condanna--le-affermazioni-fatte-a-titolo-personale-dal-giornalista-paolo-trudu"},"modified":"2013-01-22T17:20:38","modified_gmt":"2013-01-22T16:20:38","slug":"pietro-pittalis-condanna-le-affermazioni-fatte-a-titolo-personale-dal-giornalista-paolo-trudu","status":"publish","type":"post","link":"https:\/\/www.cronacaonline.it\/index.php\/2013\/01\/22\/pietro-pittalis-condanna-le-affermazioni-fatte-a-titolo-personale-dal-giornalista-paolo-trudu\/","title":{"rendered":"Pietro Pittalis condanna  le affermazioni, fatte a titolo personale, dal giornalista Paolo Trudu"},"content":{"rendered":"<p>Il gruppo regionale del Pdl prende le distanze dalle gravi affermazioni, espresse a titolo personale dal giornalista Paolo Trudu e di cui non se ne condivide ne la forma ne la sostanza.<\/p>\n<p>L'azione politica del PdL \u00e8 stata sempre informata ai valori della libert\u00e0 e del rispetto delle scelte personali.<\/p>\n<p>Il Presidente del Gruppo ha gi\u00e0 provveduto ad inviare una nota di censura all'interessato, invitandolo a presentare immediatamente le proprie scuse all'onorevole Nicki Vendola e riservandosi ogni ulteriore provvedimento al riguardo.<\/p>\n<p>\u201cBecero frociame\u201d: Ecco il testo completo del post.<\/p>\n<p>\"In un momento di rabbia dettata soprattutto da attacchi che quotidianamente vengono rivolti al partito a cui sono iscritto e al Presidente dello stesso, attacchi spesso pilotati che lo accusano di essere mafioso, pedofilo, e violentatore di minorenni, sicuramente ho avuto uno scatto di ira nel rispondere alle infamie che anche Vendola, quotidianamente e impunemente lancia, compresa quella di tacciare di camorristi i militanti e gli iscritti al PdL. Se queste accuse vi paiono poco o comunque normali, allora davvero si \u00e8 su altri pianeti.<\/p>\n<p>Chi mi conosce sa bene che l'omofobia non fa parte della mia cultura. \u00c8 i tanti amici anche gay lo sanno bene. Se qualcuno si \u00e8 sentito offeso, me ne scuso profondamente, ma mai nessuno si \u00e8 scusato quando gli attacchi gratuiti provengono da altre parti verso la mia parte politica, religiosa, culturale sessuale, come se attaccare con veemenza il PdL e i suoi iscritti (il meno che ti dicono \u00e8 \"fascista\"), o la Chiesa cattolica di cui faccio parte, sia la cosa pi\u00f9 normale, ma soprattutto legittima e lecita.<\/p>\n<p>Su quanto scritto ieri, non c'entra nulla la mia professione e il partito in cui milito. Sono mie considerazioni personali che non possono e non debbono coinvolgere nessuno, tantomeno la mia professione e, per questo, ripeto per chi ha orecchie oneste, che mi scuso se qualcuno si \u00e8 sentito offeso, di pi\u00f9 credo non possa fare e aspetter\u00f2 il mercoled\u00ec delle ceneri per cospargermi il capo di cenere, come faccio ogni anno.<\/p>\n<p>Ho sempre sostenuto che i social sono un'arma a doppio taglio e tanti, in occasioni come queste vogliono bagnarci il biscotto per fini propagandistici per magari montare casi su cui spendere qualche colonna di inchiostro e coinvolgendo chi non c'entra affatto. \u00c8 la logica che la sinistra porta avanti da sempre in cui a loro tutto \u00e8 legittimato, ad altri, invece, la libert\u00e0 va limitata. E se viola questa limitata libert\u00e0, allora va epurato, messo nella gogna o nella lista nera dei proscritti. Una cosa \u00e8 certa e la anticipo qui. Questo post non subir\u00e0 in Tam Tam dell'altro, perch\u00e9 non conviene pubblicizzarlo\". Paolo Trudu<\/p>\n","protected":false},"excerpt":{"rendered":"<p>Il gruppo regionale del Pdl prende le distanze dalle gravi affermazioni, espresse a titolo personale dal giornalista Paolo Trudu e di cui non se ne&#8230;<\/p>\n","protected":false},"author":2,"featured_media":0,"comment_status":"closed","ping_status":"closed","sticky":false,"template":"","format":"standard","meta":[],"categories":[49],"tags":[],"_links":{"self":[{"href":"https:\/\/www.cronacaonline.it\/index.php\/wp-json\/wp\/v2\/posts\/101781"}],"collection":[{"href":"https:\/\/www.cronacaonline.it\/index.php\/wp-json\/wp\/v2\/posts"}],"about":[{"href":"https:\/\/www.cronacaonline.it\/index.php\/wp-json\/wp\/v2\/types\/post"}],"author":[{"embeddable":true,"href":"https:\/\/www.cronacaonline.it\/index.php\/wp-json\/wp\/v2\/users\/2"}],"replies":[{"embeddable":true,"href":"https:\/\/www.cronacaonline.it\/index.php\/wp-json\/wp\/v2\/comments?post=101781"}],"version-history":[{"count":0,"href":"https:\/\/www.cronacaonline.it\/index.php\/wp-json\/wp\/v2\/posts\/101781\/revisions"}],"wp:attachment":[{"href":"https:\/\/www.cronacaonline.it\/index.php\/wp-json\/wp\/v2\/media?parent=101781"}],"wp:term":[{"taxonomy":"category","embeddable":true,"href":"https:\/\/www.cronacaonline.it\/index.php\/wp-json\/wp\/v2\/categories?post=101781"},{"taxonomy":"post_tag","embeddable":true,"href":"https:\/\/www.cronacaonline.it\/index.php\/wp-json\/wp\/v2\/tags?post=101781"}],"curies":[{"name":"wp","href":"https:\/\/api.w.org\/{rel}","templated":true}]}}