{"id":101778,"date":"2013-01-20T17:20:38","date_gmt":"2013-01-20T16:20:38","guid":{"rendered":"http:\/\/www.cronacaonline.it\/public\/content\/index.php\/20\/01\/2013\/tentano-una-rapina-allufficio-postale-di-ittiri-sottoposti-a-fermo-di-indiziato-sei-persone"},"modified":"2013-01-20T17:20:38","modified_gmt":"2013-01-20T16:20:38","slug":"tentano-una-rapina-allufficio-postale-di-ittiri-sottoposti-a-fermo-di-indiziato-sei-persone","status":"publish","type":"post","link":"https:\/\/www.cronacaonline.it\/index.php\/2013\/01\/20\/tentano-una-rapina-allufficio-postale-di-ittiri-sottoposti-a-fermo-di-indiziato-sei-persone\/","title":{"rendered":"Tentano una rapina all\u2019Ufficio postale di Ittiri, sottoposti a fermo di indiziato sei persone."},"content":{"rendered":"<\/p>\n<p>I Carabinieri del Comando Provinciale di Sassari, nelle prime ore della giornata di ieri, a Ittiri e Sassari, hanno sottoposto a fermo di indiziato 6 persone ritenute responsabili di tentata rapina aggravata in concorso e porto abusivo di oggetti atti a offendere. Il fermo \u00e8 scaturito a conclusione di una pi\u00f9 ampia attivit\u00e0 d\u2019indagine condotta dal Nucleo Investigativo provinciale, nei confronti di una banda di rapinatori.<\/p>\n<p>I fermati, 5 siciliani (di cui 4 con precedenti specifici e di polizia) e una donna originaria della medesima isola ma residente nel capoluogo turritano, sono stati bloccati mentre si apprestavano a compiere una rapina all\u2019Ufficio Posatale di Ittiri.<\/p>\n<p>Nel corso dell\u2019attivit\u00e0 sono stati sequestrati taglierini, coltelli e attrezzatura per il compimento del reato.<\/p>\n<p>I militari, quindi, dopo aver espletato le formalit\u00e0 di legge hanno accompagnato e rinchiuso nel carcere cittadino i 6 fermati, in attesa di essere interrogati dal G.I.P. <\/p>\n<p>L\u2019attivit\u00e0 investigativa che riguarda questi arresti non ha alcun collegamento con i recenti eventi criminosi verificatisi in quel centro. <\/p>\n","protected":false},"excerpt":{"rendered":"<p>I Carabinieri del Comando Provinciale di Sassari, nelle prime ore della giornata di ieri, a Ittiri e Sassari, hanno sottoposto a fermo di indiziato 6&#8230;<\/p>\n","protected":false},"author":2,"featured_media":0,"comment_status":"closed","ping_status":"closed","sticky":false,"template":"","format":"standard","meta":[],"categories":[49],"tags":[],"_links":{"self":[{"href":"https:\/\/www.cronacaonline.it\/index.php\/wp-json\/wp\/v2\/posts\/101778"}],"collection":[{"href":"https:\/\/www.cronacaonline.it\/index.php\/wp-json\/wp\/v2\/posts"}],"about":[{"href":"https:\/\/www.cronacaonline.it\/index.php\/wp-json\/wp\/v2\/types\/post"}],"author":[{"embeddable":true,"href":"https:\/\/www.cronacaonline.it\/index.php\/wp-json\/wp\/v2\/users\/2"}],"replies":[{"embeddable":true,"href":"https:\/\/www.cronacaonline.it\/index.php\/wp-json\/wp\/v2\/comments?post=101778"}],"version-history":[{"count":0,"href":"https:\/\/www.cronacaonline.it\/index.php\/wp-json\/wp\/v2\/posts\/101778\/revisions"}],"wp:attachment":[{"href":"https:\/\/www.cronacaonline.it\/index.php\/wp-json\/wp\/v2\/media?parent=101778"}],"wp:term":[{"taxonomy":"category","embeddable":true,"href":"https:\/\/www.cronacaonline.it\/index.php\/wp-json\/wp\/v2\/categories?post=101778"},{"taxonomy":"post_tag","embeddable":true,"href":"https:\/\/www.cronacaonline.it\/index.php\/wp-json\/wp\/v2\/tags?post=101778"}],"curies":[{"name":"wp","href":"https:\/\/api.w.org\/{rel}","templated":true}]}}